{"id":1966,"date":"2022-02-23T09:58:52","date_gmt":"2022-02-23T08:58:52","guid":{"rendered":"https:\/\/ifan.ucad.sn\/?p=1966"},"modified":"2022-09-20T12:04:21","modified_gmt":"2022-09-20T10:04:21","slug":"levee-de-fonds-lart-au-service-de-la-recherche","status":"publish","type":"post","link":"https:\/\/ifan.ucad.sn\/en\/levee-de-fonds-lart-au-service-de-la-recherche\/","title":{"rendered":"LEVEE DE FONDS : L&#8217;ART AU SERVICE DE LA RECHERCHE"},"content":{"rendered":"\n<div class=\"wp-block-columns is-layout-flex wp-container-core-columns-is-layout-9d6595d7 wp-block-columns-is-layout-flex\">\n<div class=\"wp-block-column is-layout-flow wp-block-column-is-layout-flow\">\n<p class=\"justify-text\">Des lithographies limit\u00e9es de deux oeuvres d&#8217;art de Kalidou Kass\u00e9\u2000 seront c\u00e9d\u00e9es \u00e0\u2000des bonnes volont\u00e9s (entreprises publiques et priv\u00e9es, personnalit\u00e9s, fondations, m\u00e9c\u00e8nes, artistes, sportifs) pour soutenir la Recherche \u00e0 l&#8217;Institut Fondamental d&#8217;Afrique Noire Cheikh Anta Diop. L&#8217;objectif de ce projet est de d\u00e9velopper un programme collaboratif autour de l&#8217;art et de la science.<\/p>\n\n\n\n<p>\u00ab<em>Les chercheurs ont besoin de nous pr\u00e9parer \u00e0 l&#8217;avenir. L&#8217;art a toujours port\u00e9\u2000la vie, donc est r\u00e9v\u00e9lateur d&#8217;une nouvelle conscience esth\u00e9tique ; ne plus nous confiner dans les formes et techniques mais interagir dans ce monde contemporain qui fait appel aux champs de tous les possibles culturels, \u00e9conomiques sociaux et environnementaux <\/em><meta charset=\"utf-8\">\u00bb affirme Kalidou Kasse pour expliquer la campagne &nbsp;\u00ab Une oeuvre pour la Recherche&nbsp;\u00bb.<\/p>\n\n\n\n<p>Les exemplaires seront c\u00e9d\u00e9s contre un montant minimum de 500000 francs CFA.<\/p>\n\n\n\n<p><meta charset=\"utf-8\">\u00a0\u00ab<em>Une \u0153uvre pour la recherche est un pr\u00e9texte \u00e0 plus de solidarit\u00e9, de coh\u00e9sion sociale autour de l&#8217;essentiel et d&#8217;une vision partag\u00e9e<\/em>\u00bb a indiqu\u00e9\u2000l\u2019artiste plasticien, pour qui l&#8217;art est un facteur de d\u00e9veloppement.<\/p>\n\n\n\n<p>Le Directeur de l\u2019IFAN Ch. A. Diop a appr\u00e9ci\u00e9\u2000l\u2019initiative sa juste valeur. Pour lui, il s\u2019agit de trouver les moyens pour financer la Recherche par nous-m\u00eames.<\/p>\n\n\n\n<p>Pour expliquer l\u2019int\u00e9r\u00eat de cette lev\u00e9e du fonds, le directeur affirme que &#8221;Le plus souvent, nos subventions proviennent de l&#8217;Europe, de l&#8217;Asie de l\u2019Am\u00e9rique. Ces derniers se posent des<\/p>\n<\/div>\n\n\n\n<div class=\"wp-block-column is-layout-flow wp-block-column-is-layout-flow\">\n<p>questions et mettent des moyens pour que la Recherche soit men\u00e9e \u00e0 bien. Si on finance nous-m\u00eame nos projets de recherche, on pourra \u00e9tudier des th\u00e9matiques qui nous sont propres&#8221;.<\/p>\n\n\n\n<p class=\"justify-text\">Par ailleurs, il pr\u00e9cise que l\u2019IFAN Ch. A Diop b\u00e9n\u00e9ficie d\u2019une subvention annuelle de 100 millions de francs CFA, auxquels s\u2019ajoutent 30 millions de recettes propres. Mais ces fonds ne suffisent pas pour un institut qui, avec ses 17 laboratoires de recherche voudrait bien se d\u00e9ployer sur tout le continent.<\/p>\n\n\n\n<p>Ce financement participatif de la Recherche vise \u2000 doter \u00e0 l&#8217;Institut d&#8217;\u00e9quipements scientifiques ad\u00e9quats, \u00e0 r\u00e9habiliter les b\u00e2timents et \u00e0 financer des projets de recherche d\u2019\u00e9quipes pluridisciplinaires.<\/p>\n\n\n\n<p>\u2000<meta charset=\"utf-8\">\u00ab <em>C&#8217;est par le savoir que nous arriverons \u00e0 conqu\u00e9rir et \u00e0\u2000pr\u00e9server notre ind\u00e9pendance, facteur indispensable de notre d\u00e9veloppement<\/em><meta charset=\"utf-8\">\u00bb, dixit le Professeur Ndiaye.<\/p>\n\n\n\n<p>L&#8217;autre composante de ce projet se rapporte \u00e0 l&#8217;organisation d&#8217;un forum sur la pacification de l&#8217;espace universitaire. Pour mener \u00e0 bien les projets de recherche, l\u2019Universit\u00e9\u2000 doit \u00eatre un espace<\/p>\n\n\n\n<p>de dialogue et de s\u00e9r\u00e9nit\u00e9. C&#8217;est pourquoi, ce projet int\u00e8gre cet \u00e9v\u00e9nement port\u00e9 par Kalidou Kass\u00e9\u2000 en partenariat avec l&#8217;IFAN et la Fondation UCAD.<\/p>\n\n\n\n<p>Ce forum essayera de d\u00e9gager des consensus forts permettant la pacification indispensable des \u00e9tablissements d&#8217;enseignement sup\u00e9rieur et de recherche.<\/p>\n<\/div>\n<\/div>\n\n\n\n<figure class=\"wp-block-embed is-type-video is-provider-youtube wp-block-embed-youtube wp-embed-aspect-16-9 wp-has-aspect-ratio\"><div class=\"wp-block-embed__wrapper\">\n<iframe loading=\"lazy\" title=\"Une \u0153uvre pour la recherche\" width=\"1170\" height=\"658\" src=\"https:\/\/www.youtube.com\/embed\/dXGc9_C2NfI?feature=oembed\" frameborder=\"0\" allow=\"accelerometer; autoplay; clipboard-write; encrypted-media; gyroscope; picture-in-picture\" allowfullscreen><\/iframe>\n<\/div><figcaption>Vid\u00e9o de pr\u00e9sentation du projet &#8220;Une \u0153uvre pour la recherche&#8221;<\/figcaption><\/figure>\n","protected":false},"excerpt":{"rendered":"<p>L&#8217;artiste plasticien Kalidou Kass\u00e9\u2000 a partag\u00e9\u2000avec la presse son initiative citoyenne en faveur de la Recherche \u2000 l&#8217;Institut<br \/>\nFondamental d&#8217;Afrique Noire IFAN Cheikh Anta Diop. Intitul\u00e9e une oeuvre pour la Recherche, le projet consiste \u00e0 c\u00e9der \u00e0 des m\u00e9c\u00e8nes, des fondations, des entreprises des acteurs du public et du priv\u00e9 des lithographies[&#8230;]<\/p>\n","protected":false},"author":1,"featured_media":1976,"comment_status":"closed","ping_status":"open","sticky":false,"template":"","format":"standard","meta":{"_monsterinsights_skip_tracking":false,"_monsterinsights_sitenote_active":false,"_monsterinsights_sitenote_note":"","_monsterinsights_sitenote_category":0,"footnotes":""},"categories":[28,1],"tags":[],"class_list":["post-1966","post","type-post","status-publish","format-standard","has-post-thumbnail","hentry","category-la-une","category-non-classe"],"_links":{"self":[{"href":"https:\/\/ifan.ucad.sn\/en\/wp-json\/wp\/v2\/posts\/1966","targetHints":{"allow":["GET"]}}],"collection":[{"href":"https:\/\/ifan.ucad.sn\/en\/wp-json\/wp\/v2\/posts"}],"about":[{"href":"https:\/\/ifan.ucad.sn\/en\/wp-json\/wp\/v2\/types\/post"}],"author":[{"embeddable":true,"href":"https:\/\/ifan.ucad.sn\/en\/wp-json\/wp\/v2\/users\/1"}],"replies":[{"embeddable":true,"href":"https:\/\/ifan.ucad.sn\/en\/wp-json\/wp\/v2\/comments?post=1966"}],"version-history":[{"count":7,"href":"https:\/\/ifan.ucad.sn\/en\/wp-json\/wp\/v2\/posts\/1966\/revisions"}],"predecessor-version":[{"id":4274,"href":"https:\/\/ifan.ucad.sn\/en\/wp-json\/wp\/v2\/posts\/1966\/revisions\/4274"}],"wp:featuredmedia":[{"embeddable":true,"href":"https:\/\/ifan.ucad.sn\/en\/wp-json\/wp\/v2\/media\/1976"}],"wp:attachment":[{"href":"https:\/\/ifan.ucad.sn\/en\/wp-json\/wp\/v2\/media?parent=1966"}],"wp:term":[{"taxonomy":"category","embeddable":true,"href":"https:\/\/ifan.ucad.sn\/en\/wp-json\/wp\/v2\/categories?post=1966"},{"taxonomy":"post_tag","embeddable":true,"href":"https:\/\/ifan.ucad.sn\/en\/wp-json\/wp\/v2\/tags?post=1966"}],"curies":[{"name":"wp","href":"https:\/\/api.w.org\/{rel}","templated":true}]}}