{"id":3192,"date":"2022-05-05T11:39:54","date_gmt":"2022-05-05T09:39:54","guid":{"rendered":"https:\/\/ifan.ucad.sn\/?p=3192"},"modified":"2022-05-05T11:39:57","modified_gmt":"2022-05-05T09:39:57","slug":"les-mercredis-de-lalphabetisation-allarbay-lakki-reew-mi","status":"publish","type":"post","link":"https:\/\/ifan.ucad.sn\/en\/les-mercredis-de-lalphabetisation-allarbay-lakki-reew-mi\/","title":{"rendered":"Les mercredis de l\u2019alphab\u00e9tisation \u00c0llarbay l\u00e0kki r\u00e9ew mi"},"content":{"rendered":"\n<p><strong>Lecture &#8211; \u00c9criture wolof (Cours en ligne)<\/strong><\/p>\n\n\n\n<p>Le Laboratoire de linguistique de l\u2019IFAN Ch. A. Diop, en collaboration avec le groupe <em>Fonk Sunuy l\u00e0mmi\u00f1, <\/em>organise des cours pour l\u2019\u00e9criture et la lecture du wolof.<\/p>\n\n\n\n<p>Ces cours, gratuits, se d\u00e9rouleront en ligne <strong>du 18 mai au 11 juin 2022 <\/strong>et sont ouverts \u00e0 toute personne d\u00e9sireuse d\u2019am\u00e9liorer son niveau d\u2019\u00e9criture et de lecture en wolof.<\/p>\n\n\n\n<p>Deux possibilit\u00e9s sont offertes :<\/p>\n\n\n\n<ul class=\"wp-block-list\"><li>\u00a0<strong>les mercredis de 16h \u00e0 18h<\/strong><\/li><li><strong>les samedis de 10h30 \u00e0 12h30<br><\/strong><\/li><\/ul>\n\n\n\n<p>Les personnes int\u00e9ress\u00e9es peuvent contacter l\u2019\u00e9quipe enseignante aux num\u00e9ros et e-mails ci-dessous et pr\u00e9ciser le jour qui leur convient.<\/p>\n\n\n\n<h2 class=\"wp-block-heading\"><strong>Contact :<br><\/strong><\/h2>\n\n\n\n<p><strong>Tel : <\/strong>+221 77 631 63 47, +221 70 970 41 15, +221 77 453 64 63<\/p>\n\n\n\n<p> <strong>E-mail : <\/strong>dramemamour@yahoo.fr ; adjisall@yahoo.fr allarbaylakkireewmi@gmail.com<\/p>\n","protected":false},"excerpt":{"rendered":"<p>Lecture &#8211; \u00c9criture wolof (Cours en ligne) Le Laboratoire de linguistique de l\u2019IFAN Ch. A. Diop, en collaboration avec le groupe Fonk Sunuy l\u00e0mmi\u00f1, organise des cours pour l\u2019\u00e9criture et la lecture du wolof. Ces cours, gratuits, se d\u00e9rouleront en ligne du 18 mai au 11 juin 2022 et sont ouverts \u00e0 toute personne d\u00e9sireuse [&hellip;]<\/p>\n","protected":false},"author":1,"featured_media":3193,"comment_status":"open","ping_status":"open","sticky":false,"template":"","format":"standard","meta":{"_monsterinsights_skip_tracking":false,"_monsterinsights_sitenote_active":false,"_monsterinsights_sitenote_note":"","_monsterinsights_sitenote_category":0,"footnotes":""},"categories":[1],"tags":[],"class_list":["post-3192","post","type-post","status-publish","format-standard","has-post-thumbnail","hentry","category-non-classe"],"_links":{"self":[{"href":"https:\/\/ifan.ucad.sn\/en\/wp-json\/wp\/v2\/posts\/3192","targetHints":{"allow":["GET"]}}],"collection":[{"href":"https:\/\/ifan.ucad.sn\/en\/wp-json\/wp\/v2\/posts"}],"about":[{"href":"https:\/\/ifan.ucad.sn\/en\/wp-json\/wp\/v2\/types\/post"}],"author":[{"embeddable":true,"href":"https:\/\/ifan.ucad.sn\/en\/wp-json\/wp\/v2\/users\/1"}],"replies":[{"embeddable":true,"href":"https:\/\/ifan.ucad.sn\/en\/wp-json\/wp\/v2\/comments?post=3192"}],"version-history":[{"count":1,"href":"https:\/\/ifan.ucad.sn\/en\/wp-json\/wp\/v2\/posts\/3192\/revisions"}],"predecessor-version":[{"id":3194,"href":"https:\/\/ifan.ucad.sn\/en\/wp-json\/wp\/v2\/posts\/3192\/revisions\/3194"}],"wp:featuredmedia":[{"embeddable":true,"href":"https:\/\/ifan.ucad.sn\/en\/wp-json\/wp\/v2\/media\/3193"}],"wp:attachment":[{"href":"https:\/\/ifan.ucad.sn\/en\/wp-json\/wp\/v2\/media?parent=3192"}],"wp:term":[{"taxonomy":"category","embeddable":true,"href":"https:\/\/ifan.ucad.sn\/en\/wp-json\/wp\/v2\/categories?post=3192"},{"taxonomy":"post_tag","embeddable":true,"href":"https:\/\/ifan.ucad.sn\/en\/wp-json\/wp\/v2\/tags?post=3192"}],"curies":[{"name":"wp","href":"https:\/\/api.w.org\/{rel}","templated":true}]}}