{"id":5695,"date":"2023-02-02T16:10:50","date_gmt":"2023-02-02T15:10:50","guid":{"rendered":"https:\/\/ifan.ucad.sn\/?p=5695"},"modified":"2023-02-02T16:46:36","modified_gmt":"2023-02-02T15:46:36","slug":"invitation-lancement-des-outils-pedagogiques-en-langues-nationales","status":"publish","type":"post","link":"https:\/\/ifan.ucad.sn\/en\/invitation-lancement-des-outils-pedagogiques-en-langues-nationales\/","title":{"rendered":"Invitation lancement des outils p\u00e9dagogiques en langues nationales"},"content":{"rendered":"\n<p>Dans le cadre de la promotion des langues nationales, l&#8217;IFAN Ch. A. DIOP, par le biais du laboratoire de linguistique, en collaboration avec Kati 360 et l&#8217;Alliance S\u00e9n\u00e9galaise de la Petite Enfance ASEN-PE, a \u00e9labor\u00e9 des livrets d&#8217;histoires et de contes illustr\u00e9s L\u00e9ebal ma et un calendrier en langues nationales, \u00e0 l&#8217;intention des enfants du S\u00e9n\u00e9gal et de la diaspora.<\/p>\n\n\n\n<p>L\u00e9ebal ma est une collection  d&#8217;histoires et de contes \u00e9ducatifs pour enfants, \u00e9crits dans les langues nationales, initi\u00e9e dans le but de retisser le lien avec la tradition orale.<\/p>\n\n\n\n<p><\/p>\n\n\n\n<figure class=\"wp-block-gallery columns-3 is-cropped wp-block-gallery-1 is-layout-flex wp-block-gallery-is-layout-flex\"><ul class=\"blocks-gallery-grid\"><li class=\"blocks-gallery-item\"><figure><img loading=\"lazy\" decoding=\"async\" width=\"595\" height=\"487\" src=\"https:\/\/ifan.ucad.sn\/wp-content\/uploads\/2023\/02\/invitation-lancement.png\" alt=\"\" data-id=\"5697\" data-full-url=\"https:\/\/ifan.ucad.sn\/wp-content\/uploads\/2023\/02\/invitation-lancement.png\" data-link=\"https:\/\/ifan.ucad.sn\/invitation-lancement-des-outils-pedagogiques-en-langues-nationales\/invitation-lancement\/\" class=\"wp-image-5697\" srcset=\"https:\/\/ifan.ucad.sn\/wp-content\/uploads\/2023\/02\/invitation-lancement.png 595w, https:\/\/ifan.ucad.sn\/wp-content\/uploads\/2023\/02\/invitation-lancement-300x246.png 300w\" sizes=\"auto, (max-width: 595px) 100vw, 595px\" \/><\/figure><\/li><li class=\"blocks-gallery-item\"><figure><img loading=\"lazy\" decoding=\"async\" width=\"1024\" height=\"1024\" src=\"https:\/\/ifan.ucad.sn\/wp-content\/uploads\/2023\/02\/collection-leebalma-1024x1024.jpg\" alt=\"\" data-id=\"5700\" data-full-url=\"https:\/\/ifan.ucad.sn\/wp-content\/uploads\/2023\/02\/collection-leebalma.jpg\" data-link=\"https:\/\/ifan.ucad.sn\/invitation-lancement-des-outils-pedagogiques-en-langues-nationales\/collection-leebalma\/\" class=\"wp-image-5700\" srcset=\"https:\/\/ifan.ucad.sn\/wp-content\/uploads\/2023\/02\/collection-leebalma-1024x1024.jpg 1024w, https:\/\/ifan.ucad.sn\/wp-content\/uploads\/2023\/02\/collection-leebalma-300x300.jpg 300w, https:\/\/ifan.ucad.sn\/wp-content\/uploads\/2023\/02\/collection-leebalma-150x150.jpg 150w, https:\/\/ifan.ucad.sn\/wp-content\/uploads\/2023\/02\/collection-leebalma-768x768.jpg 768w, https:\/\/ifan.ucad.sn\/wp-content\/uploads\/2023\/02\/collection-leebalma.jpg 1080w\" sizes=\"auto, (max-width: 1024px) 100vw, 1024px\" \/><\/figure><\/li><li class=\"blocks-gallery-item\"><figure><img loading=\"lazy\" decoding=\"async\" width=\"1024\" height=\"1024\" src=\"https:\/\/ifan.ucad.sn\/wp-content\/uploads\/2023\/02\/arminat-1024x1024.jpg\" alt=\"\" data-id=\"5701\" data-full-url=\"https:\/\/ifan.ucad.sn\/wp-content\/uploads\/2023\/02\/arminat.jpg\" data-link=\"https:\/\/ifan.ucad.sn\/invitation-lancement-des-outils-pedagogiques-en-langues-nationales\/arminat\/\" class=\"wp-image-5701\" srcset=\"https:\/\/ifan.ucad.sn\/wp-content\/uploads\/2023\/02\/arminat-1024x1024.jpg 1024w, https:\/\/ifan.ucad.sn\/wp-content\/uploads\/2023\/02\/arminat-300x300.jpg 300w, https:\/\/ifan.ucad.sn\/wp-content\/uploads\/2023\/02\/arminat-150x150.jpg 150w, https:\/\/ifan.ucad.sn\/wp-content\/uploads\/2023\/02\/arminat-768x768.jpg 768w, https:\/\/ifan.ucad.sn\/wp-content\/uploads\/2023\/02\/arminat.jpg 1080w\" sizes=\"auto, (max-width: 1024px) 100vw, 1024px\" \/><\/figure><\/li><\/ul><\/figure>\n","protected":false},"excerpt":{"rendered":"<p>Dans le cadre de la promotion des langues nationales, l&#8217;IFAN Ch. A. DIOP, par le biais du laboratoire de linguistique, en collaboration avec Kati 360 et l&#8217;Alliance S\u00e9n\u00e9galaise de la Petite Enfance ASEN-PE, a \u00e9labor\u00e9 des livrets d&#8217;histoires et de contes illustr\u00e9s L\u00e9ebal ma et un calendrier en langues nationales, \u00e0 l&#8217;intention des enfants du [&hellip;]<\/p>\n","protected":false},"author":1,"featured_media":5697,"comment_status":"closed","ping_status":"closed","sticky":false,"template":"","format":"standard","meta":{"_monsterinsights_skip_tracking":false,"_monsterinsights_sitenote_active":false,"_monsterinsights_sitenote_note":"","_monsterinsights_sitenote_category":0,"footnotes":""},"categories":[28],"tags":[],"class_list":["post-5695","post","type-post","status-publish","format-standard","has-post-thumbnail","hentry","category-la-une"],"_links":{"self":[{"href":"https:\/\/ifan.ucad.sn\/en\/wp-json\/wp\/v2\/posts\/5695","targetHints":{"allow":["GET"]}}],"collection":[{"href":"https:\/\/ifan.ucad.sn\/en\/wp-json\/wp\/v2\/posts"}],"about":[{"href":"https:\/\/ifan.ucad.sn\/en\/wp-json\/wp\/v2\/types\/post"}],"author":[{"embeddable":true,"href":"https:\/\/ifan.ucad.sn\/en\/wp-json\/wp\/v2\/users\/1"}],"replies":[{"embeddable":true,"href":"https:\/\/ifan.ucad.sn\/en\/wp-json\/wp\/v2\/comments?post=5695"}],"version-history":[{"count":4,"href":"https:\/\/ifan.ucad.sn\/en\/wp-json\/wp\/v2\/posts\/5695\/revisions"}],"predecessor-version":[{"id":5706,"href":"https:\/\/ifan.ucad.sn\/en\/wp-json\/wp\/v2\/posts\/5695\/revisions\/5706"}],"wp:featuredmedia":[{"embeddable":true,"href":"https:\/\/ifan.ucad.sn\/en\/wp-json\/wp\/v2\/media\/5697"}],"wp:attachment":[{"href":"https:\/\/ifan.ucad.sn\/en\/wp-json\/wp\/v2\/media?parent=5695"}],"wp:term":[{"taxonomy":"category","embeddable":true,"href":"https:\/\/ifan.ucad.sn\/en\/wp-json\/wp\/v2\/categories?post=5695"},{"taxonomy":"post_tag","embeddable":true,"href":"https:\/\/ifan.ucad.sn\/en\/wp-json\/wp\/v2\/tags?post=5695"}],"curies":[{"name":"wp","href":"https:\/\/api.w.org\/{rel}","templated":true}]}}