{"id":6166,"date":"2023-03-13T13:50:01","date_gmt":"2023-03-13T12:50:01","guid":{"rendered":"https:\/\/ifan.ucad.sn\/?p=6166"},"modified":"2023-03-13T17:08:07","modified_gmt":"2023-03-13T16:08:07","slug":"colloque-international-de-linguistique-de-dakar-edition-2023","status":"publish","type":"post","link":"https:\/\/ifan.ucad.sn\/en\/colloque-international-de-linguistique-de-dakar-edition-2023\/","title":{"rendered":"Colloque International de Linguistique de Dakar &#8211; Edition 2023"},"content":{"rendered":"\n<p>INVITATION CILDAK<\/p>\n\n\n\n<p>Les linguistes de l\u2019Universit\u00e9 Cheikh Anta Diop de Dakar ont l\u2019honneur de vous inviter au Colloque International de Linguistique de Dakar qui se tiendra du 16 au 18 mars 2023 sur le th\u00e8me :<\/p>\n\n\n\n<p class=\"has-text-align-center\"><strong>La description des langues en Afrique : entre donn\u00e9es et th\u00e9ories<\/strong><\/p>\n\n\n\n<p class=\"has-text-align-center\">Nous vous prions de bien vouloir honorer de votre pr\u00e9sence la c\u00e9r\u00e9monie d\u2019ouverture qui se tiendra lors de la journ\u00e9e pr\u00e9-colloque,<br><strong>le mercredi 15 mars 2023 de 16h \u00e0 18h<br>\u00e0 la salle de conf\u00e9rence de l\u2019UCAD II.<\/strong><\/p>\n","protected":false},"excerpt":{"rendered":"<p>INVITATION CILDAK Les linguistes de l\u2019Universit\u00e9 Cheikh Anta Diop de Dakar ont l\u2019honneur de vous inviter au Colloque International de Linguistique de Dakar qui se tiendra du 16 au 18 mars 2023 sur le th\u00e8me : La description des langues en Afrique : entre donn\u00e9es et th\u00e9ories Nous vous prions de bien vouloir honorer de [&hellip;]<\/p>\n","protected":false},"author":1,"featured_media":6178,"comment_status":"closed","ping_status":"closed","sticky":false,"template":"","format":"standard","meta":{"_monsterinsights_skip_tracking":false,"_monsterinsights_sitenote_active":false,"_monsterinsights_sitenote_note":"","_monsterinsights_sitenote_category":0,"footnotes":""},"categories":[28],"tags":[],"class_list":["post-6166","post","type-post","status-publish","format-standard","has-post-thumbnail","hentry","category-la-une"],"_links":{"self":[{"href":"https:\/\/ifan.ucad.sn\/en\/wp-json\/wp\/v2\/posts\/6166","targetHints":{"allow":["GET"]}}],"collection":[{"href":"https:\/\/ifan.ucad.sn\/en\/wp-json\/wp\/v2\/posts"}],"about":[{"href":"https:\/\/ifan.ucad.sn\/en\/wp-json\/wp\/v2\/types\/post"}],"author":[{"embeddable":true,"href":"https:\/\/ifan.ucad.sn\/en\/wp-json\/wp\/v2\/users\/1"}],"replies":[{"embeddable":true,"href":"https:\/\/ifan.ucad.sn\/en\/wp-json\/wp\/v2\/comments?post=6166"}],"version-history":[{"count":3,"href":"https:\/\/ifan.ucad.sn\/en\/wp-json\/wp\/v2\/posts\/6166\/revisions"}],"predecessor-version":[{"id":6189,"href":"https:\/\/ifan.ucad.sn\/en\/wp-json\/wp\/v2\/posts\/6166\/revisions\/6189"}],"wp:featuredmedia":[{"embeddable":true,"href":"https:\/\/ifan.ucad.sn\/en\/wp-json\/wp\/v2\/media\/6178"}],"wp:attachment":[{"href":"https:\/\/ifan.ucad.sn\/en\/wp-json\/wp\/v2\/media?parent=6166"}],"wp:term":[{"taxonomy":"category","embeddable":true,"href":"https:\/\/ifan.ucad.sn\/en\/wp-json\/wp\/v2\/categories?post=6166"},{"taxonomy":"post_tag","embeddable":true,"href":"https:\/\/ifan.ucad.sn\/en\/wp-json\/wp\/v2\/tags?post=6166"}],"curies":[{"name":"wp","href":"https:\/\/api.w.org\/{rel}","templated":true}]}}