{"id":7549,"date":"2023-11-10T13:16:09","date_gmt":"2023-11-10T12:16:09","guid":{"rendered":"https:\/\/ifan.ucad.sn\/?p=7549"},"modified":"2024-01-15T10:42:35","modified_gmt":"2024-01-15T09:42:35","slug":"dialogue-academique-entre-le-recteur-de-luniversite-du-senegal-oriental-et-le-directeur-de-lifan-cheikh-anta-diop","status":"publish","type":"post","link":"https:\/\/ifan.ucad.sn\/en\/dialogue-academique-entre-le-recteur-de-luniversite-du-senegal-oriental-et-le-directeur-de-lifan-cheikh-anta-diop\/","title":{"rendered":"Dialogue acad\u00e9mique entre le Recteur de l\u2019Universit\u00e9 du S\u00e9n\u00e9gal oriental et le directeur de l\u2019IFAN Cheikh Anta Diop"},"content":{"rendered":"\n<p class=\"justify-text\">Le Recteur de l\u2019Universit\u00e9 du S\u00e9n\u00e9gal oriental, le professeur Kandioura Noba, a rencontr\u00e9 le jeudi 09 Octobre 2023, le directeur de l\u2019IFAN, le professeur Abdoulaye Baila Ndiaye. Cette rencontre s\u2019inscrit dans le cadre de la mise en place de la nouvelle universit\u00e9 du S\u00e9n\u00e9gal oriental. Le professeur Noba a soulign\u00e9 que l\u2019objectif principal de cette visite \u00e9tait d\u2019\u00e9tablir une communication et un \u00e9change d\u2019id\u00e9es avec les diff\u00e9rentes entit\u00e9s et institutions de l\u2019Universit\u00e9 Cheikh Anta Diop de Dakar. Il a d\u00e9j\u00e0 eu des \u00e9changes fructueux avec le Recteur de l\u2019UCAD, qui lui a conseill\u00e9 de prendre attache avec les facult\u00e9s et les instituts de recherche. Au cours de cette discussion avec le professeur Ndiaye, le coordonnateur de l\u2019Universit\u00e9 du S\u00e9n\u00e9gal Oriental a exprim\u00e9 son enthousiasme \u00e0 l\u2019id\u00e9e d\u2019\u00eatre accompagn\u00e9 par l\u2019IFAN, consid\u00e9rant l\u2019institut comme un mod\u00e8le exemplaire dans le domaine de la recherche. Il a mis en \u00e9vidence l\u2019importance de la recherche dans le contexte de la nouvelle universit\u00e9 et a exprim\u00e9 son d\u00e9sir de collaborer pour donner \u00e0 la recherche la place qu\u2019elle m\u00e9rite .<\/p>\n\n\n\n<p class=\"justify-text\">Selon le professeur Noba, l\u2019IFAN englobe presque toutes les disciplines en termes de recherche. Il a ainsi exprim\u00e9 son intention de dupliquer ce mod\u00e8le. Les deux professeurs ont ainsi convenu de travailler ensemble pour faire de la recherche une entit\u00e9 importante dans la nouvelle universit\u00e9 du S\u00e9n\u00e9gal oriental.<\/p>\n","protected":false},"excerpt":{"rendered":"<p>Le recteur de l\u2019Universit\u00e9 du S\u00e9n\u00e9gal oriental, le professeur Kandioura Noba, a rencontr\u00e9 le jeudi 09 Octobre 2023, le directeur de l\u2019IFAN, le professeur Abdoulaye Baila Ndiaye. Cette rencontre s\u2019inscrit dans le cadre de la mise en place de la nouvelle universit\u00e9 du S\u00e9n\u00e9gal oriental.<\/p>\n","protected":false},"author":1,"featured_media":7550,"comment_status":"closed","ping_status":"open","sticky":false,"template":"","format":"standard","meta":{"_monsterinsights_skip_tracking":false,"_monsterinsights_sitenote_active":false,"_monsterinsights_sitenote_note":"","_monsterinsights_sitenote_category":0,"footnotes":""},"categories":[28],"tags":[],"class_list":["post-7549","post","type-post","status-publish","format-standard","has-post-thumbnail","hentry","category-la-une"],"_links":{"self":[{"href":"https:\/\/ifan.ucad.sn\/en\/wp-json\/wp\/v2\/posts\/7549","targetHints":{"allow":["GET"]}}],"collection":[{"href":"https:\/\/ifan.ucad.sn\/en\/wp-json\/wp\/v2\/posts"}],"about":[{"href":"https:\/\/ifan.ucad.sn\/en\/wp-json\/wp\/v2\/types\/post"}],"author":[{"embeddable":true,"href":"https:\/\/ifan.ucad.sn\/en\/wp-json\/wp\/v2\/users\/1"}],"replies":[{"embeddable":true,"href":"https:\/\/ifan.ucad.sn\/en\/wp-json\/wp\/v2\/comments?post=7549"}],"version-history":[{"count":3,"href":"https:\/\/ifan.ucad.sn\/en\/wp-json\/wp\/v2\/posts\/7549\/revisions"}],"predecessor-version":[{"id":7674,"href":"https:\/\/ifan.ucad.sn\/en\/wp-json\/wp\/v2\/posts\/7549\/revisions\/7674"}],"wp:featuredmedia":[{"embeddable":true,"href":"https:\/\/ifan.ucad.sn\/en\/wp-json\/wp\/v2\/media\/7550"}],"wp:attachment":[{"href":"https:\/\/ifan.ucad.sn\/en\/wp-json\/wp\/v2\/media?parent=7549"}],"wp:term":[{"taxonomy":"category","embeddable":true,"href":"https:\/\/ifan.ucad.sn\/en\/wp-json\/wp\/v2\/categories?post=7549"},{"taxonomy":"post_tag","embeddable":true,"href":"https:\/\/ifan.ucad.sn\/en\/wp-json\/wp\/v2\/tags?post=7549"}],"curies":[{"name":"wp","href":"https:\/\/api.w.org\/{rel}","templated":true}]}}