{"id":7583,"date":"2023-12-04T11:44:29","date_gmt":"2023-12-04T10:44:29","guid":{"rendered":"https:\/\/ifan.ucad.sn\/?p=7583"},"modified":"2023-12-04T11:55:57","modified_gmt":"2023-12-04T10:55:57","slug":"colloque-international-homme-pr-papa-alioune-ndao","status":"publish","type":"post","link":"https:\/\/ifan.ucad.sn\/en\/colloque-international-homme-pr-papa-alioune-ndao\/","title":{"rendered":"Colloque International en hommage au Professeur Papa Alioune NDAO"},"content":{"rendered":"\n<p><span style=\"color: rgb(17, 17, 17); font-family: \"Times New Roman\", serif; font-size: 12pt; caret-color: rgb(33, 33, 33); white-space-collapse: collapse;\">L\u2019Universit\u00e9 Cheikh Anta Diop\u00a0 \u00a0vous convie\u00a0 \u00e0 un colloque international en hommage au Professeur Pape Alioune Ndao. Reconnu comme le p\u00e8re de la sociolinguistique s\u00e9n\u00e9galaise, le Professeur Ndao a form\u00e9 plusieurs g\u00e9n\u00e9rations de chercheurs et d\u2019enseignants universitaires.\u00a0<\/span><p class=\"x_elementToProof\" style=\"margin: 9pt 0cm 0.0001pt; caret-color: rgb(33, 33, 33); color: rgb(33, 33, 33); font-family: Aptos; font-size: 16px; white-space-collapse: collapse; background-color: rgba(255, 255, 255, 0.7);\"><span style=\"font-family: \"Times New Roman\", serif; font-size: 12pt; color: rgb(17, 17, 17); line-height: 1.2;\">Le colloque plac\u00e9 sous le th\u00e8me de la \u00a0\u201cSociolinguistique en Afrique : pistes pour des perspectives alternatives\u201d, se tiendra du<span class=\"Apple-converted-space\">\u00a0<\/span><b>6 au 8 d\u00e9cembre 2023<span class=\"Apple-converted-space\">\u00a0<\/span><\/b>\u00e0 l\u2019Institut Confucius. \u00ab\u00a0L\u2019objectif de ce colloque est de replacer la sociolinguistique dans le contexte historique de son \u00e9mergence en Afrique, tout en portant un regard r\u00e9flexif et critique sur son \u00e9pist\u00e9mologie, ses courants th\u00e9oriques et m\u00e9thodologiques, ainsi que ses interactions avec d\u2019autres domaines de savoir connexes\u00a0\u00bb. Une soixantaine de communications sera pr\u00e9sent\u00e9e durant cet \u00e9v\u00e9nement acad\u00e9mique.La s\u00e9ance pl\u00e9ni\u00e8re d\u2019ouverture du colloque, pr\u00e9vue le<span class=\"Apple-converted-space\">\u00a0<\/span><b>mercredi 6 d\u00e9cembre \u00e0 9 heures,<span class=\"Apple-converted-space\">\u00a0<\/span><\/b>sera marqu\u00e9e par la projection d\u2019un documentaire intitul\u00e9 \u201cPr Alioune Ndao : les mots pour le dire\u201d<\/span><\/p><\/p>\n\n\n\n<div data-wp-interactive=\"core\/file\" class=\"wp-block-file\"><object data-wp-bind--hidden=\"!state.hasPdfPreview\" hidden class=\"wp-block-file__embed\" data=\"https:\/\/ifan.ucad.sn\/wp-content\/uploads\/2023\/12\/Livret-Colloque-Ndao-281123.pdf\" type=\"application\/pdf\" style=\"width:100%;height:1035px\" aria-label=\"Embed of Livret-Colloque-Ndao-281123.\"><\/object><a id=\"wp-block-file--media-9ac3e640-2cc0-48fb-b73a-422fc7d9c93d\" href=\"https:\/\/ifan.ucad.sn\/wp-content\/uploads\/2023\/12\/Livret-Colloque-Ndao-281123.pdf\" target=\"_blank\" rel=\"noreferrer noopener\">Livret-Colloque-Ndao-281123<\/a><a href=\"https:\/\/ifan.ucad.sn\/wp-content\/uploads\/2023\/12\/Livret-Colloque-Ndao-281123.pdf\" class=\"wp-block-file__button wp-element-button\" download aria-describedby=\"wp-block-file--media-9ac3e640-2cc0-48fb-b73a-422fc7d9c93d\">T\u00e9l\u00e9charger<\/a><\/div>\n","protected":false},"excerpt":{"rendered":"<p>L\u2019Universit\u00e9 Cheikh Anta Diop\u00a0 \u00a0vous convie\u00a0 \u00e0 un colloque international en hommage au Professeur Pape Alioune Ndao. Reconnu comme le p\u00e8re de la sociolinguistique s\u00e9n\u00e9galaise, le Professeur Ndao a form\u00e9 plusieurs g\u00e9n\u00e9rations de chercheurs et d\u2019enseignants universitaires.\u00a0Le colloque plac\u00e9 sous le th\u00e8me de<\/p>\n","protected":false},"author":1,"featured_media":7584,"comment_status":"closed","ping_status":"closed","sticky":false,"template":"","format":"standard","meta":{"_monsterinsights_skip_tracking":false,"_monsterinsights_sitenote_active":false,"_monsterinsights_sitenote_note":"","_monsterinsights_sitenote_category":0,"footnotes":""},"categories":[1],"tags":[],"class_list":["post-7583","post","type-post","status-publish","format-standard","has-post-thumbnail","hentry","category-non-classe"],"_links":{"self":[{"href":"https:\/\/ifan.ucad.sn\/en\/wp-json\/wp\/v2\/posts\/7583","targetHints":{"allow":["GET"]}}],"collection":[{"href":"https:\/\/ifan.ucad.sn\/en\/wp-json\/wp\/v2\/posts"}],"about":[{"href":"https:\/\/ifan.ucad.sn\/en\/wp-json\/wp\/v2\/types\/post"}],"author":[{"embeddable":true,"href":"https:\/\/ifan.ucad.sn\/en\/wp-json\/wp\/v2\/users\/1"}],"replies":[{"embeddable":true,"href":"https:\/\/ifan.ucad.sn\/en\/wp-json\/wp\/v2\/comments?post=7583"}],"version-history":[{"count":5,"href":"https:\/\/ifan.ucad.sn\/en\/wp-json\/wp\/v2\/posts\/7583\/revisions"}],"predecessor-version":[{"id":7592,"href":"https:\/\/ifan.ucad.sn\/en\/wp-json\/wp\/v2\/posts\/7583\/revisions\/7592"}],"wp:featuredmedia":[{"embeddable":true,"href":"https:\/\/ifan.ucad.sn\/en\/wp-json\/wp\/v2\/media\/7584"}],"wp:attachment":[{"href":"https:\/\/ifan.ucad.sn\/en\/wp-json\/wp\/v2\/media?parent=7583"}],"wp:term":[{"taxonomy":"category","embeddable":true,"href":"https:\/\/ifan.ucad.sn\/en\/wp-json\/wp\/v2\/categories?post=7583"},{"taxonomy":"post_tag","embeddable":true,"href":"https:\/\/ifan.ucad.sn\/en\/wp-json\/wp\/v2\/tags?post=7583"}],"curies":[{"name":"wp","href":"https:\/\/api.w.org\/{rel}","templated":true}]}}