{"id":7629,"date":"2024-01-12T10:49:05","date_gmt":"2024-01-12T09:49:05","guid":{"rendered":"https:\/\/ifan.ucad.sn\/?p=7629"},"modified":"2024-01-24T12:32:11","modified_gmt":"2024-01-24T11:32:11","slug":"e-2","status":"publish","type":"post","link":"https:\/\/ifan.ucad.sn\/en\/e-2\/","title":{"rendered":"Fal\u00e9m\u00e9, 12 ans de recherche arch\u00e9ologiques au S\u00e9n\u00e9gal oriental: une exposition \u00e0 d\u00e9couvrir au mus\u00e9e historique de Gor\u00e9e"},"content":{"rendered":"\n<p>Du 30 janvier au 30 avril 2024, le mus\u00e9e historique de Gor\u00e9e de l\u2019IFAN Ch.A .DIOP vous invite \u00e0 plonger dans l\u2019histoire et la culture de la vall\u00e9e de la Fal\u00e9m\u00e9, une rivi\u00e8re m\u00e9connue qui traverse le Mali et le S\u00e9n\u00e9gal. \u00c0 travers des posters, des vitrines d\u2019objets et des vid\u00e9os, vous pourrez suivre le travail d\u2019une \u00e9quipe internationale et interdisciplinaire d\u2019arch\u00e9ologues et de pal\u00e9o environnementalistes qui \u00e9tudie depuis 2012 les traces laiss\u00e9es par les populations humaines qui ont habit\u00e9 cette r\u00e9gion depuis le Pal\u00e9olithique ancien jusqu\u2019\u00e0 nos jours.<\/p>\n\n\n\n<p>L\u2019exposition permet de  d\u00e9couvrir comment ces populations se sont adapt\u00e9es aux variations climatiques et environnementales.  Elle pr\u00e9sente \u00e9galement les techniques d\u00e9velopp\u00e9es  par les populations pour exploiter les ressources de la rivi\u00e8re, que ce soit pour la chasse, la p\u00eache, l\u2019\u00e9levage, l\u2019agriculture ou la m\u00e9tallurgie. L &#8216;exposition donne \u00e0 voir les objets t\u00e9moins de leur art et de leur culture, tels que des poteries, des bijoux, des armes ou des instruments de musique. Cette exposition du laboratoire Arch\u00e9ologie africaine et Anthropologie (ARCAN) de la Facult\u00e9 des Sciences de l&#8217;Universit\u00e9 de Gen\u00e8ve renforce les liens entre l &#8216;universit\u00e9 de Gen\u00e8ve et l&#8217;Universit\u00e9 Cheikh Anta Diop de Dakar dans le cadre des partenariats prioritaires \u00e9tablis entre les deux entit\u00e9s. <\/p>\n\n\n\n<p>Le vernissage de l\u2019exposition aura lieu le 29 janvier \u00e0 Gor\u00e9e, en pr\u00e9sence des chercheurs impliqu\u00e9s dans le projet.<\/p>\n","protected":false},"excerpt":{"rendered":"<p>Du 30 janvier au 30 avril 2024, le mus\u00e9e historique de Gor\u00e9e de l\u2019IFAN Ch.A .DIOP vous invite \u00e0 plonger dans l\u2019histoire et la culture de la vall\u00e9e de la Fal\u00e9m\u00e9, une rivi\u00e8re m\u00e9connue qui traverse le Mali et le S\u00e9n\u00e9gal. \u00c0 travers des posters, des vitrines d\u2019objets et<\/p>\n","protected":false},"author":4,"featured_media":7664,"comment_status":"closed","ping_status":"closed","sticky":false,"template":"","format":"standard","meta":{"_monsterinsights_skip_tracking":false,"_monsterinsights_sitenote_active":false,"_monsterinsights_sitenote_note":"","_monsterinsights_sitenote_category":0,"footnotes":""},"categories":[28,1],"tags":[],"class_list":["post-7629","post","type-post","status-publish","format-standard","has-post-thumbnail","hentry","category-la-une","category-non-classe"],"_links":{"self":[{"href":"https:\/\/ifan.ucad.sn\/en\/wp-json\/wp\/v2\/posts\/7629","targetHints":{"allow":["GET"]}}],"collection":[{"href":"https:\/\/ifan.ucad.sn\/en\/wp-json\/wp\/v2\/posts"}],"about":[{"href":"https:\/\/ifan.ucad.sn\/en\/wp-json\/wp\/v2\/types\/post"}],"author":[{"embeddable":true,"href":"https:\/\/ifan.ucad.sn\/en\/wp-json\/wp\/v2\/users\/4"}],"replies":[{"embeddable":true,"href":"https:\/\/ifan.ucad.sn\/en\/wp-json\/wp\/v2\/comments?post=7629"}],"version-history":[{"count":5,"href":"https:\/\/ifan.ucad.sn\/en\/wp-json\/wp\/v2\/posts\/7629\/revisions"}],"predecessor-version":[{"id":7757,"href":"https:\/\/ifan.ucad.sn\/en\/wp-json\/wp\/v2\/posts\/7629\/revisions\/7757"}],"wp:featuredmedia":[{"embeddable":true,"href":"https:\/\/ifan.ucad.sn\/en\/wp-json\/wp\/v2\/media\/7664"}],"wp:attachment":[{"href":"https:\/\/ifan.ucad.sn\/en\/wp-json\/wp\/v2\/media?parent=7629"}],"wp:term":[{"taxonomy":"category","embeddable":true,"href":"https:\/\/ifan.ucad.sn\/en\/wp-json\/wp\/v2\/categories?post=7629"},{"taxonomy":"post_tag","embeddable":true,"href":"https:\/\/ifan.ucad.sn\/en\/wp-json\/wp\/v2\/tags?post=7629"}],"curies":[{"name":"wp","href":"https:\/\/api.w.org\/{rel}","templated":true}]}}