{"id":7677,"date":"2024-01-16T12:12:30","date_gmt":"2024-01-16T11:12:30","guid":{"rendered":"https:\/\/ifan.ucad.sn\/?p=7677"},"modified":"2024-01-19T13:32:03","modified_gmt":"2024-01-19T12:32:03","slug":"habiter-ce-monde-une-exposition-de-photographie-contemporaine-a-dakar","status":"publish","type":"post","link":"https:\/\/ifan.ucad.sn\/en\/habiter-ce-monde-une-exposition-de-photographie-contemporaine-a-dakar\/","title":{"rendered":"Habiter ce monde : une exposition de photographie contemporaine au mus\u00e9e Th\u00e9odore Monod"},"content":{"rendered":"\n<p>Le mus\u00e9e Th\u00e9odore Monod d\u2019art africain de l&#8217; IFAN Ch. A. Diop accueille du 19 janvier au 31 mars 2024 l\u2019exposition Habiter ce Monde, en partenariat avec le mus\u00e9e du quai Branly &#8211; Jacques Chirac. Cette exposition pr\u00e9sente les \u0153uvres des trois laur\u00e9ats 2019 du Prix pour la Photographie du quai Branly &#8211; Jacques Chirac, un programme qui soutient depuis 2008 la cr\u00e9ation photographique extra-europ\u00e9enne.<\/p>\n\n\n<div class=\"wp-block-image\">\n<figure class=\"alignright size-full\"><img loading=\"lazy\" decoding=\"async\" width=\"275\" height=\"183\" src=\"https:\/\/ifan.ucad.sn\/wp-content\/uploads\/2024\/01\/photo-baary.jpeg\" alt=\"\" class=\"wp-image-7678\"\/><\/figure>\n<\/div>\n\n\n<p>Les artistes&nbsp;<strong>Pablo Lopez Luz<\/strong>&nbsp;(Mexique),&nbsp;<strong>Abdoulaye Barry<\/strong>&nbsp;(Tchad) et&nbsp;<strong>Prasiit Sthapit<\/strong>&nbsp;(N\u00e9pal) ont \u00e9t\u00e9 s\u00e9lectionn\u00e9s par un jury international pour leur projet original et coh\u00e9rent avec leur parcours artistique. Leurs travaux, qui int\u00e8grent la collection du mus\u00e9e du quai Branly &#8211; Jacques Chirac, sont expos\u00e9s pour la premi\u00e8re fois \u00e0 Dakar, o\u00f9 ils dialoguent avec la sc\u00e8ne artistique s\u00e9n\u00e9galaise.<\/p>\n\n\n\n<p>Le vernissage de l\u2019exposition aura lieu <strong>le jeudi 18 janvier 2024 \u00e0 18h<\/strong>, en pr\u00e9sence des artistes laur\u00e9ats et de&nbsp;<strong>Emmanuel Kasarh\u00e9rou<\/strong>, Pr\u00e9sident du mus\u00e9e du quai Branly &#8211; Jacques Chirac. Une table ronde sera organis\u00e9e le samedi 20 janvier 2024 \u00e0 17h, avec la participation des commissaires de l\u2019exposition :&nbsp;<strong>Christine Barthe<\/strong>&nbsp;et&nbsp;<strong>Annabelle Lacour<\/strong>, du mus\u00e9e du quai Branly &#8211; Jacques Chirac, et&nbsp;<strong>El Hadji Malick Ndiaye<\/strong>, du mus\u00e9e Th\u00e9odore Monod d\u2019art africain, IFAN Ch. A. Diop.<\/p>\n","protected":false},"excerpt":{"rendered":"<p>Le mus\u00e9e Th\u00e9odore Monod d\u2019art africain de l&#8217; IFAN Ch. A. Diop accueille du 19 janvier au 31 mars 2024 l\u2019exposition Habiter ce Monde, en partenariat avec le mus\u00e9e du quai Branly &#8211; Jacques Chirac. Cette exposition pr\u00e9sente les \u0153uvres des trois laur\u00e9ats 2019 du Prix pour la Photographie du quai Branly &#8211; Jacques Chirac, [&hellip;]<\/p>\n","protected":false},"author":4,"featured_media":7694,"comment_status":"closed","ping_status":"closed","sticky":false,"template":"","format":"standard","meta":{"_monsterinsights_skip_tracking":false,"_monsterinsights_sitenote_active":false,"_monsterinsights_sitenote_note":"","_monsterinsights_sitenote_category":0,"footnotes":""},"categories":[1],"tags":[],"class_list":["post-7677","post","type-post","status-publish","format-standard","has-post-thumbnail","hentry","category-non-classe"],"_links":{"self":[{"href":"https:\/\/ifan.ucad.sn\/en\/wp-json\/wp\/v2\/posts\/7677","targetHints":{"allow":["GET"]}}],"collection":[{"href":"https:\/\/ifan.ucad.sn\/en\/wp-json\/wp\/v2\/posts"}],"about":[{"href":"https:\/\/ifan.ucad.sn\/en\/wp-json\/wp\/v2\/types\/post"}],"author":[{"embeddable":true,"href":"https:\/\/ifan.ucad.sn\/en\/wp-json\/wp\/v2\/users\/4"}],"replies":[{"embeddable":true,"href":"https:\/\/ifan.ucad.sn\/en\/wp-json\/wp\/v2\/comments?post=7677"}],"version-history":[{"count":3,"href":"https:\/\/ifan.ucad.sn\/en\/wp-json\/wp\/v2\/posts\/7677\/revisions"}],"predecessor-version":[{"id":7695,"href":"https:\/\/ifan.ucad.sn\/en\/wp-json\/wp\/v2\/posts\/7677\/revisions\/7695"}],"wp:featuredmedia":[{"embeddable":true,"href":"https:\/\/ifan.ucad.sn\/en\/wp-json\/wp\/v2\/media\/7694"}],"wp:attachment":[{"href":"https:\/\/ifan.ucad.sn\/en\/wp-json\/wp\/v2\/media?parent=7677"}],"wp:term":[{"taxonomy":"category","embeddable":true,"href":"https:\/\/ifan.ucad.sn\/en\/wp-json\/wp\/v2\/categories?post=7677"},{"taxonomy":"post_tag","embeddable":true,"href":"https:\/\/ifan.ucad.sn\/en\/wp-json\/wp\/v2\/tags?post=7677"}],"curies":[{"name":"wp","href":"https:\/\/api.w.org\/{rel}","templated":true}]}}