{"id":7770,"date":"2024-02-09T11:05:28","date_gmt":"2024-02-09T10:05:28","guid":{"rendered":"https:\/\/ifan.ucad.sn\/?p=7770"},"modified":"2024-02-24T11:47:35","modified_gmt":"2024-02-24T10:47:35","slug":"exposition-habiter-ce-monde-un-appel-contre-la-haine-et-le-desespoir","status":"publish","type":"post","link":"https:\/\/ifan.ucad.sn\/en\/exposition-habiter-ce-monde-un-appel-contre-la-haine-et-le-desespoir\/","title":{"rendered":"Exposition \u00ab\u00a0Habiter ce monde\u00a0\u00bb , un appel contre la haine et le d\u00e9sespoir"},"content":{"rendered":"\n<p>Le mus\u00e9e Th\u00e9odore Monod d\u2019art africain de l\u2019IFAN Ch. A DIOP, en partenariat avec le mus\u00e9e du quai Branly-Jacques Chirac pr\u00e9sente l\u2019exposition &#8220;Habiter ce monde&#8221; du 19 janvier au 31 mars 2024. Le \u00a0vernissage de l\u2019exposition s\u2019est d\u00e9roul\u00e9 le 18 janvier en pr\u00e9sence des autorit\u00e9s des deux institutions mus\u00e9ales.<\/p>\n\n\n\n<p>Les clich\u00e9s expos\u00e9s \u00a0sont le r\u00e9sultat de recherche de trois artistes, laur\u00e9ats du prix de la photographie du mus\u00e9e du quai Branly-jacques Chirac en 2019. \u00a0Elles relatent chacune une histoire, un \u00e9v\u00e8nement et un v\u00e9cu. Abdoulaye Barry\u00a0 montre \u00e0 travers ses photos les nuits pass\u00e9es avec des r\u00e9fugi\u00e9s fuyant les djihadistes alors que les torches des t\u00e9l\u00e9phones portables semblent\u00a0 \u00a0donner des lueurs d\u2019espoir pour des lendemains meilleurs. Pablo Lopez Luz\u00a0 s\u2019int\u00e9resse \u00e0 la protection des maisons cubaines \u00a0particuli\u00e8rement aux\u00a0 motifs des fers et des grilles des habitations vari\u00e9s et adapt\u00e9s \u00e0 la culture carib\u00e9enne. La \u00a0photographie de Prasiit Sthapit dresse le tableau de la situation \u00e9cologique et politique vuln\u00e9rable du N\u00e9pal.<\/p>\n\n\n\n<p>Le prix de la photographie du mus\u00e9e du quai Branly-Jacques Chirac t\u00e9moigne de l\u2019engagement de l\u2019institution mus\u00e9ale \u00a0en faveur de la cr\u00e9ation photographique contemporaine extra-europ\u00e9enne, s&#8217;adressant aux artistes photographes originaires de l\u2019un des quatre continents repr\u00e9sent\u00e9s dans les collections des mus\u00e9es en Afrique, Asie, Am\u00e9rique et Oc\u00e9anie.<\/p>\n\n\n\n<p>A l\u2019 occasion du vernissage, Emmanuel Kasarh\u00e9rou, pr\u00e9sident du mus\u00e9e du quai Branly-Jacques Chirac rappelle la volont\u00e9 de \u00ab\u00a0Co-construire\u00a0\u00bb un partenariat nouveau avec l\u2019IFAN. Il rajoute \u00a0que l\u2019exposition \u00a0\u00ab\u00a0Habiter ce monde\u00a0\u00bb est un programme initi\u00e9 depuis 2008, permettant de percevoir et d\u2019\u00e9largir la perception du monde, constituant ainsi une archive photographique \u00e0 conserver .<\/p>\n\n\n\n<p>\u00a0La premi\u00e8re pr\u00e9sentation des \u0153uvres des trois laur\u00e9ats 2019, Prasiit Sthapit (N\u00e9pal), Pablo Lopez Luz (Mexique) et Abdoulaye Barry (Tchad) \u00e0 Dakar est l\u2019occasion pour le mus\u00e9e Th\u00e9odore Monod de l\u2019IFAN Cheikh Anta Diop de les mettre en r\u00e9sonance avec la sc\u00e8ne artistique s\u00e9n\u00e9galaise, dynamique et innovante. Ce qui t\u00e9moigne des liens tiss\u00e9s entre les deux institutions, en coh\u00e9rence avec leur engagement pour la diffusion de la photographie.<\/p>\n\n\n\n<p>Pour le directeur de l\u2019IFAN, Pr Abdoulaye Baila Ndiaye, la pr\u00e9sentation de cette \u00a0exposition \u00e0 Dakar est une nouvelle \u00e9tape et vient renforcer le partenariat et l&#8217;amiti\u00e9 entre le mus\u00e9e du quai Branly-Jacques Chirac et l\u2019IFAN Cheikh Anta Diop. Il pr\u00e9cise que la photographie est un patrimoine \u00e0 entretenir pour rendre le monde plus intelligent. C\u2019est \u00e9galement un appel po\u00e9tique \u00e0 nous \u00e9riger contre la haine et le d\u00e9sespoir.<\/p>\n\n\n\n<p><strong>ARIELLE MAHOUDO METAHOU<\/strong><\/p>\n\n\n\n<p><strong>Stagiaire Service Communication <\/strong><\/p>\n","protected":false},"excerpt":{"rendered":"<p>Le mus\u00e9e Th\u00e9odore Monod d\u2019art africain de l\u2019IFAN Ch. A DIOP, en partenariat avec le mus\u00e9e du quai Branly-Jacques Chirac pr\u00e9sente l\u2019exposition &#8220;Habiter ce monde&#8221; du 19 janvier au 31 mars 2024. Le  vernissage de l\u2019exposition s\u2019est d\u00e9roul\u00e9 le 18 janvier en pr\u00e9sence des autorit\u00e9s des deux institutions mus\u00e9ales.<\/p>\n","protected":false},"author":1,"featured_media":7779,"comment_status":"closed","ping_status":"open","sticky":false,"template":"","format":"standard","meta":{"_monsterinsights_skip_tracking":false,"_monsterinsights_sitenote_active":false,"_monsterinsights_sitenote_note":"","_monsterinsights_sitenote_category":0,"footnotes":""},"categories":[29,1],"tags":[],"class_list":["post-7770","post","type-post","status-publish","format-standard","has-post-thumbnail","hentry","category-musees","category-non-classe"],"_links":{"self":[{"href":"https:\/\/ifan.ucad.sn\/en\/wp-json\/wp\/v2\/posts\/7770","targetHints":{"allow":["GET"]}}],"collection":[{"href":"https:\/\/ifan.ucad.sn\/en\/wp-json\/wp\/v2\/posts"}],"about":[{"href":"https:\/\/ifan.ucad.sn\/en\/wp-json\/wp\/v2\/types\/post"}],"author":[{"embeddable":true,"href":"https:\/\/ifan.ucad.sn\/en\/wp-json\/wp\/v2\/users\/1"}],"replies":[{"embeddable":true,"href":"https:\/\/ifan.ucad.sn\/en\/wp-json\/wp\/v2\/comments?post=7770"}],"version-history":[{"count":4,"href":"https:\/\/ifan.ucad.sn\/en\/wp-json\/wp\/v2\/posts\/7770\/revisions"}],"predecessor-version":[{"id":7803,"href":"https:\/\/ifan.ucad.sn\/en\/wp-json\/wp\/v2\/posts\/7770\/revisions\/7803"}],"wp:featuredmedia":[{"embeddable":true,"href":"https:\/\/ifan.ucad.sn\/en\/wp-json\/wp\/v2\/media\/7779"}],"wp:attachment":[{"href":"https:\/\/ifan.ucad.sn\/en\/wp-json\/wp\/v2\/media?parent=7770"}],"wp:term":[{"taxonomy":"category","embeddable":true,"href":"https:\/\/ifan.ucad.sn\/en\/wp-json\/wp\/v2\/categories?post=7770"},{"taxonomy":"post_tag","embeddable":true,"href":"https:\/\/ifan.ucad.sn\/en\/wp-json\/wp\/v2\/tags?post=7770"}],"curies":[{"name":"wp","href":"https:\/\/api.w.org\/{rel}","templated":true}]}}