{"id":7979,"date":"2024-05-21T08:04:54","date_gmt":"2024-05-21T06:04:54","guid":{"rendered":"https:\/\/ifan.ucad.sn\/?p=7979"},"modified":"2024-05-21T08:13:26","modified_gmt":"2024-05-21T06:13:26","slug":"lifan-a-celebre-la-journee-mondiale-des-oiseaux-migrateurs","status":"publish","type":"post","link":"https:\/\/ifan.ucad.sn\/en\/lifan-a-celebre-la-journee-mondiale-des-oiseaux-migrateurs\/","title":{"rendered":"C\u00e9l\u00e9bration de \u00a0la journ\u00e9e mondiale des oiseaux migrateurs \u00e0 l\u2019IFAN\u00a0"},"content":{"rendered":"\n<p>Le d\u00e9partement de biologie animale de l&#8217;Institut Fondamental d&#8217;Afrique Noire (IFAN Ch. A. Diop) a c\u00e9l\u00e9br\u00e9, le samedi 11 mai la Journ\u00e9e mondiale des oiseaux migrateurs. En accord avec le th\u00e8me de cette ann\u00e9e qui souligne l&#8217;importance des insectes pour les oiseaux migrateurs, l&#8217;IFAN a accueilli diverses personnalit\u00e9s, \u00e9tudiants et \u00e9l\u00e8ves pour d\u00e9battre et discuter des enjeux li\u00e9s \u00e0 la pr\u00e9servation de ces esp\u00e8ces.<\/p>\n\n\n<div class=\"wp-block-image is-style-default\">\n<figure class=\"alignright size-large is-resized\"><img loading=\"lazy\" decoding=\"async\" width=\"1024\" height=\"768\" src=\"https:\/\/ifan.ucad.sn\/wp-content\/uploads\/2024\/05\/journees-des-oiseaux3-1024x768.jpg\" alt=\"\" class=\"wp-image-7987\" style=\"width:447px;height:auto\" srcset=\"https:\/\/ifan.ucad.sn\/wp-content\/uploads\/2024\/05\/journees-des-oiseaux3-1024x768.jpg 1024w, https:\/\/ifan.ucad.sn\/wp-content\/uploads\/2024\/05\/journees-des-oiseaux3-300x225.jpg 300w, https:\/\/ifan.ucad.sn\/wp-content\/uploads\/2024\/05\/journees-des-oiseaux3-768x576.jpg 768w, https:\/\/ifan.ucad.sn\/wp-content\/uploads\/2024\/05\/journees-des-oiseaux3-1536x1152.jpg 1536w, https:\/\/ifan.ucad.sn\/wp-content\/uploads\/2024\/05\/journees-des-oiseaux3-2048x1536.jpg 2048w\" sizes=\"auto, (max-width: 1024px) 100vw, 1024px\" \/><\/figure>\n<\/div>\n\n\n<p>La Journ\u00e9e mondiale des oiseaux migrateurs est une occasion de r\u00e9fl\u00e9chir&nbsp; sur les enjeux li\u00e9s \u00e0 la protection des oiseaux migrateurs et offre une opportunit\u00e9 de sensibiliser le public sur les enjeux de la pr\u00e9servation de l\u2019\u00e9cosyst\u00e8me. Repr\u00e9sentant le directeur de l\u2019IFAN, Dr Nouhou Diaby a rappel\u00e9 que cette animation scientifique fait partie des missions essentielles de l&#8217;institut.<\/p>\n\n\n\n<p><strong>&#8220;Le but de cette journ\u00e9e est de renforcer les connaissances sur les oiseaux migrateurs. L&#8217;IFAN qui poss\u00e8de une vaste collection d&#8217;oiseaux mais aussi d&#8217;insectes est naturellement un partenaire cl\u00e9 pour mettre en lumi\u00e8re l&#8217;urgence de leur conservation,<\/strong>&#8221; a soulign\u00e9 \u00a0Dr Diaby.<\/p>\n\n\n\n<p>L&#8217;importance des insectes&nbsp; pour les oiseaux est cruciale. Pendant la saison migratoire, les oiseaux d\u00e9pendent de ces insectes pour se nourrir. Cette interaction affecte le timing, la dur\u00e9e et le succ\u00e8s global de leur migration. Tout au long de leur parcours, les oiseaux migrateurs recherchent activement les insectes, que ce soit dans les for\u00eats, les mar\u00e9es ou les lacs pour reconstituer leurs r\u00e9serves \u00e9nerg\u00e9tiques avant de poursuivre leur voyage. Les oiseaux jouent \u00e9galement un r\u00f4le essentiel dans la pollinisation et la lutte contre les parasites, et l&#8217;absence d&#8217;insectes peut paralyser l&#8217;\u00e9cosyst\u00e8me.<\/p>\n\n\n<div class=\"wp-block-image is-style-default\">\n<figure class=\"alignleft size-large is-resized\"><img loading=\"lazy\" decoding=\"async\" width=\"1024\" height=\"768\" src=\"https:\/\/ifan.ucad.sn\/wp-content\/uploads\/2024\/05\/journees-des-oiseaux2-1024x768.jpg\" alt=\"\" class=\"wp-image-7984\" style=\"width:449px;height:auto\" srcset=\"https:\/\/ifan.ucad.sn\/wp-content\/uploads\/2024\/05\/journees-des-oiseaux2-1024x768.jpg 1024w, https:\/\/ifan.ucad.sn\/wp-content\/uploads\/2024\/05\/journees-des-oiseaux2-300x225.jpg 300w, https:\/\/ifan.ucad.sn\/wp-content\/uploads\/2024\/05\/journees-des-oiseaux2-768x576.jpg 768w, https:\/\/ifan.ucad.sn\/wp-content\/uploads\/2024\/05\/journees-des-oiseaux2-1536x1152.jpg 1536w, https:\/\/ifan.ucad.sn\/wp-content\/uploads\/2024\/05\/journees-des-oiseaux2-2048x1536.jpg 2048w\" sizes=\"auto, (max-width: 1024px) 100vw, 1024px\" \/><\/figure>\n<\/div>\n\n\n<p>Selon Dr A\u00efssatou Yvette Diallo, sp\u00e9cialiste des vert\u00e8bres terrestres, les oiseaux migrateurs r\u00e9gulent les insectes ravageurs des cultures, en consommant jusqu&#8217;\u00e0 80% de ces nuisibles, jouant ainsi un r\u00f4le important dans l&#8217;\u00e9quilibre \u00e9cologique.<\/p>\n\n\n\n<p>\u00ab&nbsp; <strong>Le pic d&#8217;abondance des insectes co\u00efncide avec celui des oiseaux migrateurs, et toute perturbation dans la disponibilit\u00e9 des insectes peut avoir des r\u00e9percussions sur les syst\u00e8mes&nbsp;\u00e9cologiques<\/strong>&nbsp;\u00bb a insist\u00e9 Dr&nbsp;&nbsp; A\u00efssatou Yvette &nbsp;Diallo La Journ\u00e9e mondiale des oiseaux migrateurs est une c\u00e9l\u00e9bration annuelle &nbsp;qui vise la sensibilisation du&nbsp; public sur des questions li\u00e9es \u00e0 la conservation des oiseaux migrateurs et de leurs habitats. Cette ann\u00e9e, l\u2019IFAN se joint aux \u00e9v\u00e9nements organis\u00e9s \u00e0 travers le monde pour mettre en lumi\u00e8re les d\u00e9fis auxquels les oiseaux&nbsp; font face et l&#8217;importance de la coop\u00e9ration &nbsp;pour assurer&nbsp;leur&nbsp;survie.<\/p>\n","protected":false},"excerpt":{"rendered":"<p>Le d\u00e9partement de biologie animale de l&#8217;Institut Fondamental d&#8217;Afrique Noire (IFAN Ch. A. Diop) a c\u00e9l\u00e9br\u00e9, le samedi 11 mai la Journ\u00e9e mondiale des oiseaux migrateurs. En accord avec le th\u00e8me de cette ann\u00e9e qui souligne l&#8217;importance des insectes pour les oiseaux migrateurs, l&#8217;IFAN a accueilli diverses personnalit\u00e9s, \u00e9tudiants et \u00e9l\u00e8ves<\/p>\n","protected":false},"author":1,"featured_media":7980,"comment_status":"closed","ping_status":"open","sticky":false,"template":"","format":"standard","meta":{"_monsterinsights_skip_tracking":false,"_monsterinsights_sitenote_active":false,"_monsterinsights_sitenote_note":"","_monsterinsights_sitenote_category":0,"footnotes":""},"categories":[28,1],"tags":[],"class_list":["post-7979","post","type-post","status-publish","format-standard","has-post-thumbnail","hentry","category-la-une","category-non-classe"],"_links":{"self":[{"href":"https:\/\/ifan.ucad.sn\/en\/wp-json\/wp\/v2\/posts\/7979","targetHints":{"allow":["GET"]}}],"collection":[{"href":"https:\/\/ifan.ucad.sn\/en\/wp-json\/wp\/v2\/posts"}],"about":[{"href":"https:\/\/ifan.ucad.sn\/en\/wp-json\/wp\/v2\/types\/post"}],"author":[{"embeddable":true,"href":"https:\/\/ifan.ucad.sn\/en\/wp-json\/wp\/v2\/users\/1"}],"replies":[{"embeddable":true,"href":"https:\/\/ifan.ucad.sn\/en\/wp-json\/wp\/v2\/comments?post=7979"}],"version-history":[{"count":5,"href":"https:\/\/ifan.ucad.sn\/en\/wp-json\/wp\/v2\/posts\/7979\/revisions"}],"predecessor-version":[{"id":7989,"href":"https:\/\/ifan.ucad.sn\/en\/wp-json\/wp\/v2\/posts\/7979\/revisions\/7989"}],"wp:featuredmedia":[{"embeddable":true,"href":"https:\/\/ifan.ucad.sn\/en\/wp-json\/wp\/v2\/media\/7980"}],"wp:attachment":[{"href":"https:\/\/ifan.ucad.sn\/en\/wp-json\/wp\/v2\/media?parent=7979"}],"wp:term":[{"taxonomy":"category","embeddable":true,"href":"https:\/\/ifan.ucad.sn\/en\/wp-json\/wp\/v2\/categories?post=7979"},{"taxonomy":"post_tag","embeddable":true,"href":"https:\/\/ifan.ucad.sn\/en\/wp-json\/wp\/v2\/tags?post=7979"}],"curies":[{"name":"wp","href":"https:\/\/api.w.org\/{rel}","templated":true}]}}