{"id":7991,"date":"2024-06-03T15:23:17","date_gmt":"2024-06-03T13:23:17","guid":{"rendered":"https:\/\/ifan.ucad.sn\/?p=7991"},"modified":"2024-06-03T15:29:51","modified_gmt":"2024-06-03T13:29:51","slug":"policy-brief-projet-ifan-pnud-rapports-sociaux-de-sexe-et-ou-masculinite-positive","status":"publish","type":"post","link":"https:\/\/ifan.ucad.sn\/en\/policy-brief-projet-ifan-pnud-rapports-sociaux-de-sexe-et-ou-masculinite-positive\/","title":{"rendered":"Policy Brief : Projet IFAN\/PNUD Rapports sociaux de sexe et\/ou\u00a0 Masculinit\u00e9 positive"},"content":{"rendered":"\n<p>La question des in\u00e9galit\u00e9s pose des d\u00e9fis importants pour l\u2019atteinte des objectifs de d\u00e9veloppement durable. La recherche \u00e9tant un outil essentiel pour identifier ces probl\u00e8mes et formuler des recommandations pour r\u00e9duire ces in\u00e9galit\u00e9s, l\u2019IFAN et le PNUD, dans le cadre du projet \u00ab&nbsp;masculinit\u00e9s positives et transformatrices&nbsp;\u00bb ont mis en place un groupe de recherche pluridisciplinaire au sein du laboratoire Genre et recherches scientifiques. En plus d\u2019un dossier scientifique, le projet a financ\u00e9 trois travaux de recherches \u00e0 travers les axes prioritaires identifi\u00e9s : socio-\u00e9conomique, politico-juridique, et environnemental.<\/p>\n\n\n\n<p>Ces projets s\u00e9lectionn\u00e9s abordent des questions cruciales telles que les cons\u00e9quences du changement climatique sur les in\u00e9galit\u00e9s de genre \u00e0 Bargny, l\u2019entrepreneuriat agricole des femmes \u00e0 Mont Rolland, et la question des in\u00e9galit\u00e9s dans le code familial s\u00e9n\u00e9galais.<\/p>\n\n\n\n<p>Ndeye Coumba Madeleine Ndiaye ( Professeure agr\u00e9g\u00e9e, UCAD) , laur\u00e9ate d\u2019une bourse de recherche du PNUD, a entrepris une \u00e9tude approfondie des in\u00e9galit\u00e9s entre \u00e9poux dans le Code de la famille du S\u00e9n\u00e9gal. Dans un contexte de reformes du code de la famille, ce travail permet de d\u2019apporter la contribuer de la recherche aux r\u00e9flexions en cours autour du droit de la famille.<\/p>\n\n\n\n<p>Son travail, issu d\u2019une de plusieurs ann\u00e9es de r\u00e9flexions, a mis en \u00e9vidence la pr\u00e9dominance de dispositions du code civil fran\u00e7ais, fortement marqu\u00e9 par le patriarcat, et de dispositions inspir\u00e9es par l\u2019islam, souvent au d\u00e9triment des dispositions des coutumes locales. Cette absence d\u2019ancrage local explique, en grande partie, le non-recours au code de la famille.<\/p>\n\n\n\n<p>En cas de conflit, divorce, ou m\u00eame dans l\u2019organisation de la vie conjugale,\u00a0 cette configuration renforce les in\u00e9galit\u00e9s entre les \u00e9poux, notamment en ce qui concerne les obligations extrapatrimoniales (tutelle des enfants, domicile, autorit\u00e9 sur les enfants etc.) et patrimoniales (entretien du m\u00e9nage et des enfants)\u00a0:<\/p>\n\n\n\n<p><strong>Puissance paternelle et statut de Chef de Famille: <\/strong>Le Code de la Famille attribue au mari le statut de chef de famille. Ce qui lui conf\u00e8re le droit de prendre des d\u00e9cisions unilat\u00e9rales concernant ses \u00e9pouses et leurs enfants.Aucun devoir de concertation n\u2019est impos\u00e9 au mari, et l\u2019article 152 du Code se contente de pr\u00e9ciser qu\u2019il doit exercer ce pouvoir dans l\u2019int\u00e9r\u00eat commun du m\u00e9nage et des enfants.<\/p>\n\n\n\n<p>La puissance paternelle est exerc\u00e9e exclusivement par le p\u00e8re, avec des exceptions limit\u00e9es pour la m\u00e8re. Celle-ci\u00a0 ne peut exercer la puissance paternelle que dans des cas sp\u00e9cifiques, sous r\u00e9serve de l\u2019approbation du juge. L\u2019exclusivit\u00e9 de la puissance paternelle par le p\u00e8re est une rupture de l\u2019\u00e9galit\u00e9 au sein du couple.<\/p>\n\n\n\n<p><strong>Obligation Conjointe d\u2019Entretien: <\/strong>Le Code de la Famille \u00e9tablit une obligation conjointe pour l\u2019entretien du m\u00e9nage et des enfants, impliquant une contribution financi\u00e8re de la femme. Selon l\u2019article 262, l\u2019obligation alimentaire entre \u00e9poux et envers les enfants est une charge du mariage, ex\u00e9cut\u00e9e selon les r\u00e9gimes matrimoniaux. Cependant, il subsiste des\u00a0 r\u00e8gles sp\u00e9cifiques aux r\u00e9gimes matrimoniaux. Dans la polygamie\u00a0 par exemple, les revenus d\u2019une \u00e9pouse ne peuvent \u00eatre utilis\u00e9s au profit des autres. \u00a0La femme contribue par substitution, en raison du statut de chef de famille du mari.<\/p>\n\n\n\n<p>Son analyse conduit \u00e0 la conclusion que le Code actuel doit \u00eatre r\u00e9form\u00e9e pour corriger les incoh\u00e9rences culturelles et juridiques qui le caract\u00e9risent. C\u2019est d\u2019autant plus urgent que les pratiques judiciaires et sociales ne garantissent pas toujours le bien-\u00eatre de l\u2019enfant.<\/p>\n\n\n\n<p>Le travail de Fatma Sylla, doctorante \u00e0 l\u2019universit\u00e9 Assane Seck (Ziguinchor), a analys\u00e9 &nbsp;l\u2019aggravation des in\u00e9galit\u00e9s de genre au S\u00e9n\u00e9gal, avec le changement climatique, notamment \u00e0 Bargny o\u00f9 l\u2019\u00e9conomie repose sur la p\u00eache et l\u2019agriculture, secteurs vitaux pour les revenus des femmes. Ces derni\u00e8res, principalement engag\u00e9es dans la transformation des produits halieutiques et l\u2019agriculture, sont particuli\u00e8rement touch\u00e9es par les impacts environnementaux, d\u00fb au r\u00e9chauffement climatique&nbsp;:<\/p>\n\n\n\n<p><strong>L\u2019exacerbation de la vuln\u00e9rabilit\u00e9 des femmes&nbsp;: <\/strong>La r\u00e9duction des ressources halieutiques, aggrav\u00e9e par le changement climatique et l&#8217;\u00e9rosion c\u00f4ti\u00e8re, ainsi que les r\u00e9percussions environnementales des activit\u00e9s industrielles, accentuent la pr\u00e9carit\u00e9 \u00e9conomique des femmes entrepreneures de Bargny. Cette situation compromet la stabilit\u00e9 financi\u00e8re des familles qui d\u00e9pendent de ces ressources<\/p>\n\n\n\n<p><strong>Des menaces sur la s\u00e9curit\u00e9 alimentaire&nbsp;: <\/strong>Parall\u00e8lement \u00e0 la&nbsp; p\u00eache, l\u2019agriculture constitue un secteur crucial pour les femmes qui transforment les produits agricoles durant la saison pluviale. La diminution des pr\u00e9cipitations et les changements climatiques ont cependant s\u00e9v\u00e8rement impact\u00e9 l&#8217;agriculture, entra\u00eenant une r\u00e9duction des revenus f\u00e9minins. Ce qui compromet la s\u00e9curit\u00e9 alimentaire. L&#8217;expansion urbaine et la pollution industrielle imposent par ailleurs des d\u00e9fis additionnels \u00e0 ces activit\u00e9s traditionnelles.<\/p>\n\n\n\n<p><strong>Des femmes r\u00e9silientes&nbsp;: <\/strong>En plus d\u2019aggraver les&nbsp; disparit\u00e9s de genre,&nbsp; les changements climatiques affectent le statut socio-\u00e9conomique des femmes. La r\u00e9duction des ressources halieutiques entra\u00eene par exemple la migration des p\u00eacheurs. Les femmes d\u00e9veloppent des strat\u00e9gies innovantes de r\u00e9siliences pour pourvoir leurs familles et supporter les frais de scolarit\u00e9 des enfants en l&#8217;absence masculine.<\/p>\n\n\n\n<p>La recherche d\u2019Ibrahima Niang de l\u2019Universit\u00e9 Gaston Berger (Saint Louis) &nbsp;r\u00e9v\u00e8le la part pr\u00e9pond\u00e9rante des femmes dans le d\u00e9veloppement agricole de la commune de Mont Rolland. Une \u00e9tude minutieuse des donn\u00e9es empiriques ainsi que des observations directes sur le terrain ont permis de constater que l&#8217;engagement des femmes dans ce secteur ne se limite pas \u00e0 l&#8217;am\u00e9lioration de la productivit\u00e9. Il contribue \u00e9galement \u00e0 l&#8217;att\u00e9nuation des disparit\u00e9s socio-\u00e9conomiques.<\/p>\n\n\n\n<p>Consid\u00e9r\u00e9es comme une main d\u2019\u0153uvre de qualit\u00e9, les femmes sont tr\u00e8s courtis\u00e9es par les industries d\u2019agro-business de la zone. Leur \u00e9lan entrepreneurial est cependant entrav\u00e9 par les contraintes suivantes :<\/p>\n\n\n\n<p>\u2022 Acc\u00e8s difficile aux ressources financi\u00e8res<\/p>\n\n\n\n<p>&nbsp;\u2022 Concentration dans des secteurs \u00e0 faible rendement<\/p>\n\n\n\n<p>\u2022 P\u00e9nurie de r\u00e9seaux d\u2019entraide<\/p>\n\n\n\n<p>&nbsp;\u2022 Manque de temps (charges familiales) et de ressources pour participer \u00e0 des formations\/ capacitation.<\/p>\n\n\n\n<p>\u2022 Exigences conflictuelles entre gestion d\u2019entreprise et vie familiale et d\u00e9fis pour \u00e9quilibrer ces deux aspects de leur vie.<\/p>\n\n\n\n<p><strong>Recommandations<\/strong>:<\/p>\n\n\n\n<p><strong>Sur&nbsp;les dispositions du code de la famille<\/strong><\/p>\n\n\n\n<ul class=\"wp-block-list\">\n<li>Int\u00e9grer les conventions protectrices des droits de la femme dans l\u2019ordre juridique interne.<\/li>\n\n\n\n<li>D\u00e9fendre les droits de la femme dans le mariage et la famille en int\u00e9grant l\u2019autorit\u00e9 parentale \u00e0 la place de puissance paternelle.<\/li>\n\n\n\n<li>Examiner l\u2019exception d\u2019inconstitutionnalit\u00e9 pour contester les lois discriminatoires.<\/li>\n\n\n\n<li>Prendre en compte les coutumes n\u00e9gro-africaines \u00e0 soubassement matriarcal qui offrent un statut plus honorifique \u00e0 la femme dans le code de la famille.<\/li>\n<\/ul>\n\n\n\n<p><strong>Sur l\u2019entrepreneuriat des femmes et les changements climatiques, les travaux de Fatma Sylla et de Ibrahima Niang recommandent&nbsp;de :<\/strong><\/p>\n\n\n\n<ul class=\"wp-block-list\">\n<li>Promouvoir la participation politique des femmes dans la planification de l&#8217;action climatique au niveau local.<\/li>\n\n\n\n<li>Renforcer les m\u00e9canismes de soutien aux femmes pour la p\u00e9rennisation de leurs activit\u00e9s \u00e9conomiques face au d\u00e9ficit des ressources naturelles<\/li>\n\n\n\n<li>Mettre en place des m\u00e9canismes pour un meilleur\u00a0 acc\u00e8s \u00e0 l&#8217;information et aux connaissances sur les d\u00e9fis environnementaux pet\u00a0 l\u2019atteinte de la justice climatique<\/li>\n\n\n\n<li>Renforcer les capacit\u00e9s des femmes sur les r\u00e9ponses aux enjeux climatiques.<\/li>\n\n\n\n<li>Promouvoir l\u2019\u00e9galit\u00e9 des sexes dans tous les aspects de la chaine de valeur agricole.<\/li>\n\n\n\n<li>Faciliter l\u2019acc\u00e8s \u00e0 la terre des femmes dont l\u2019entrepreneuriat est fortement impact\u00e9 par cette contrainte.<\/li>\n\n\n\n<li>Investir dans la formation et l\u2019\u00e9ducation des femmes en gestion d\u2019entreprises et en leadership<\/li>\n\n\n\n<li>Mettre en place un r\u00e9seau d\u2019information et d\u2019accompagnement des femmes rurales.<\/li>\n\n\n\n<li>Promouvoir l\u2019acc\u00e8s des femmes aux march\u00e9s par le\u00a0 renforcement de leurs capacit\u00e9s \u00e0 commercialiser les produits agricoles<\/li>\n\n\n\n<li>Accentuer la sensibilisation\/implication, au pr\u00e8s des hommes, sur l\u2019importance des femmes dans le secteur agricole.<\/li>\n<\/ul>\n","protected":false},"excerpt":{"rendered":"<p>La question des in\u00e9galit\u00e9s pose des d\u00e9fis importants pour l\u2019atteinte des objectifs de d\u00e9veloppement durable. La recherche \u00e9tant un outil essentiel pour identifier ces probl\u00e8mes et formuler des recommandations pour r\u00e9duire ces in\u00e9galit\u00e9s, l\u2019IFAN et le PNUD, dans le cadre du projet [&#8230;]<\/p>\n","protected":false},"author":1,"featured_media":7992,"comment_status":"closed","ping_status":"open","sticky":false,"template":"","format":"standard","meta":{"_monsterinsights_skip_tracking":false,"_monsterinsights_sitenote_active":false,"_monsterinsights_sitenote_note":"","_monsterinsights_sitenote_category":0,"footnotes":""},"categories":[27,1],"tags":[],"class_list":["post-7991","post","type-post","status-publish","format-standard","has-post-thumbnail","hentry","category-nos-chercheurs","category-non-classe"],"_links":{"self":[{"href":"https:\/\/ifan.ucad.sn\/en\/wp-json\/wp\/v2\/posts\/7991","targetHints":{"allow":["GET"]}}],"collection":[{"href":"https:\/\/ifan.ucad.sn\/en\/wp-json\/wp\/v2\/posts"}],"about":[{"href":"https:\/\/ifan.ucad.sn\/en\/wp-json\/wp\/v2\/types\/post"}],"author":[{"embeddable":true,"href":"https:\/\/ifan.ucad.sn\/en\/wp-json\/wp\/v2\/users\/1"}],"replies":[{"embeddable":true,"href":"https:\/\/ifan.ucad.sn\/en\/wp-json\/wp\/v2\/comments?post=7991"}],"version-history":[{"count":3,"href":"https:\/\/ifan.ucad.sn\/en\/wp-json\/wp\/v2\/posts\/7991\/revisions"}],"predecessor-version":[{"id":7996,"href":"https:\/\/ifan.ucad.sn\/en\/wp-json\/wp\/v2\/posts\/7991\/revisions\/7996"}],"wp:featuredmedia":[{"embeddable":true,"href":"https:\/\/ifan.ucad.sn\/en\/wp-json\/wp\/v2\/media\/7992"}],"wp:attachment":[{"href":"https:\/\/ifan.ucad.sn\/en\/wp-json\/wp\/v2\/media?parent=7991"}],"wp:term":[{"taxonomy":"category","embeddable":true,"href":"https:\/\/ifan.ucad.sn\/en\/wp-json\/wp\/v2\/categories?post=7991"},{"taxonomy":"post_tag","embeddable":true,"href":"https:\/\/ifan.ucad.sn\/en\/wp-json\/wp\/v2\/tags?post=7991"}],"curies":[{"name":"wp","href":"https:\/\/api.w.org\/{rel}","templated":true}]}}