{"id":8050,"date":"2024-09-21T14:50:48","date_gmt":"2024-09-21T12:50:48","guid":{"rendered":"https:\/\/ifan.ucad.sn\/?p=8050"},"modified":"2025-05-07T10:02:43","modified_gmt":"2025-05-07T08:02:43","slug":"exposition-sunu-diggante-au-musee-monod","status":"publish","type":"post","link":"https:\/\/ifan.ucad.sn\/en\/exposition-sunu-diggante-au-musee-monod\/","title":{"rendered":"\u00a0Exposition &#8220;Sunu diggante &#8221; au mus\u00e9e Monod"},"content":{"rendered":"\n<p class=\"text-justify\">Le Mus\u00e9e Th\u00e9odore Monod d&#8217;Art Africain de l&#8217;IFAN Cheikh Anta Diop a\u00a0 accueilli pour la deuxi\u00e8me ann\u00e9e cons\u00e9cutive l&#8217;exposition &#8220;Sunu diggante &#8221; de la galerie du 19 M ! Cette exposition rassemble les \u0153uvres d&#8217;une quinzaine d&#8217;artisans et d&#8217;artistes, m\u00ealant habilement cr\u00e9ations anciennes et contemporaines dans une sc\u00e9nographie con\u00e7ue avec des mat\u00e9riaux locaux et du mobilier recycl\u00e9.<br>L&#8217;exposition, refl\u00e8te\u00a0 des \u00e9changes entre l&#8217;artisanat d&#8217;art et la cr\u00e9ativit\u00e9 s\u00e9n\u00e9galaise.\u00a0\u00a0Ouverte au public de juin \u00e0\u00a0 juillet, \u00a0elle a \u00e9t\u00e9 un moment phare de la vie culturelle de la capitale s\u00e9n\u00e9galaise.<\/p>\n\n\n\n<p class=\"text-justify\">Combinant des \u0153uvres emprunt\u00e9es ou cr\u00e9\u00e9es sp\u00e9cialement pour l\u2019\u00e9v\u00e9nement avec des cr\u00e9ations sp\u00e9cifiques, l\u2019exposition&nbsp; offre une exp\u00e9rience immersive qui oscille entre le r\u00e9el et le virtuel, l\u2019artisanal et le m\u00e9canique.<\/p>\n\n\n\n<p><\/p>\n","protected":false},"excerpt":{"rendered":"<p>Le Mus\u00e9e Th\u00e9odore Monod d&#8217;Art Africain de l&#8217;IFAN Cheikh Anta Diop a\u00a0 accueilli pour la deuxi\u00e8me ann\u00e9e cons\u00e9cutive l&#8217;exposition &#8220;Sunu diggante &#8221; de la galerie du 19 M ! Cette exposition rassemble les \u0153uvres d&#8217;une quinzaine d&#8217;artisans et d&#8217;artistes, m\u00ealant habilement cr\u00e9ations anciennes et contemporaines dans une sc\u00e9nographie con\u00e7ue avec des mat\u00e9riaux locaux et du [&hellip;]<\/p>\n","protected":false},"author":1,"featured_media":8049,"comment_status":"closed","ping_status":"closed","sticky":false,"template":"","format":"standard","meta":{"_monsterinsights_skip_tracking":false,"_monsterinsights_sitenote_active":false,"_monsterinsights_sitenote_note":"","_monsterinsights_sitenote_category":0,"footnotes":""},"categories":[29,1],"tags":[],"class_list":["post-8050","post","type-post","status-publish","format-standard","has-post-thumbnail","hentry","category-musees","category-non-classe"],"_links":{"self":[{"href":"https:\/\/ifan.ucad.sn\/en\/wp-json\/wp\/v2\/posts\/8050","targetHints":{"allow":["GET"]}}],"collection":[{"href":"https:\/\/ifan.ucad.sn\/en\/wp-json\/wp\/v2\/posts"}],"about":[{"href":"https:\/\/ifan.ucad.sn\/en\/wp-json\/wp\/v2\/types\/post"}],"author":[{"embeddable":true,"href":"https:\/\/ifan.ucad.sn\/en\/wp-json\/wp\/v2\/users\/1"}],"replies":[{"embeddable":true,"href":"https:\/\/ifan.ucad.sn\/en\/wp-json\/wp\/v2\/comments?post=8050"}],"version-history":[{"count":1,"href":"https:\/\/ifan.ucad.sn\/en\/wp-json\/wp\/v2\/posts\/8050\/revisions"}],"predecessor-version":[{"id":8052,"href":"https:\/\/ifan.ucad.sn\/en\/wp-json\/wp\/v2\/posts\/8050\/revisions\/8052"}],"wp:featuredmedia":[{"embeddable":true,"href":"https:\/\/ifan.ucad.sn\/en\/wp-json\/wp\/v2\/media\/8049"}],"wp:attachment":[{"href":"https:\/\/ifan.ucad.sn\/en\/wp-json\/wp\/v2\/media?parent=8050"}],"wp:term":[{"taxonomy":"category","embeddable":true,"href":"https:\/\/ifan.ucad.sn\/en\/wp-json\/wp\/v2\/categories?post=8050"},{"taxonomy":"post_tag","embeddable":true,"href":"https:\/\/ifan.ucad.sn\/en\/wp-json\/wp\/v2\/tags?post=8050"}],"curies":[{"name":"wp","href":"https:\/\/api.w.org\/{rel}","templated":true}]}}