{"id":8210,"date":"2025-02-24T15:36:19","date_gmt":"2025-02-24T14:36:19","guid":{"rendered":"https:\/\/ifan.ucad.sn\/?p=8210"},"modified":"2025-02-24T16:09:26","modified_gmt":"2025-02-24T15:09:26","slug":"reenchanter-nos-vies-l-ifan-et-le-musee-quai-branly-renforcent-leur-partenariat","status":"publish","type":"post","link":"https:\/\/ifan.ucad.sn\/en\/reenchanter-nos-vies-l-ifan-et-le-musee-quai-branly-renforcent-leur-partenariat\/","title":{"rendered":"\u2018\u2019R\u00e9enchanter nos vies\u2019\u2019 : L &#8216;IFAN et le mus\u00e9e Quai Branly renforcent leur partenariat"},"content":{"rendered":"\n<p>Le mus\u00e9e Th\u00e9odore Monod d\u2019art africian IFAN Ch. A. Diop a accueilli ce jeudi 20 f\u00e9vrier 2025 le vernissage de l&#8217;exposition &#8220;R\u00e9enchanter nos vies&#8221;. Cet \u00e9v\u00e9nement est le fruit du partenariat entre l&#8217;IFAN et le mus\u00e9e du Quai Branly Jacques Chirac.<\/p>\n\n\n<div class=\"wp-block-image\">\n<figure class=\"alignleft size-full is-resized\"><img loading=\"lazy\" decoding=\"async\" width=\"595\" height=\"487\" src=\"https:\/\/ifan.ucad.sn\/wp-content\/uploads\/2025\/02\/actualites-2.jpg\" alt=\"\" class=\"wp-image-8218\" style=\"width:392px;height:auto\" srcset=\"https:\/\/ifan.ucad.sn\/wp-content\/uploads\/2025\/02\/actualites-2.jpg 595w, https:\/\/ifan.ucad.sn\/wp-content\/uploads\/2025\/02\/actualites-2-300x246.jpg 300w\" sizes=\"auto, (max-width: 595px) 100vw, 595px\" \/><\/figure>\n<\/div>\n\n\n<p>\u00ab Le partenariat est organis\u00e9 comme suit : le mus\u00e9e du Quai Branly Jacques Chirac prime les laur\u00e9ats et l&#8217;IFAN expose les \u0153uvres prim\u00e9es \u00bb, a expliqu\u00e9 le conservateur du mus\u00e9e, Dr. El Hadj Malick Ndiaye.<\/p>\n\n\n\n<p>Les \u0153uvres des photographes prim\u00e9es capturent avec force la richesse du patrimoine culturel mondial et les dynamiques sociales contemporaines. Leurs clich\u00e9s seront mis en r\u00e9sonance avec une sc\u00e8ne artistique s\u00e9n\u00e9galaise innovante et dynamique. Elles illustrent la d\u00e9vastation de notre environnement et la vuln\u00e9rabilit\u00e9 de nos \u00e9cosyst\u00e8mes, tout en nous invitant \u00e0 envisager des avenirs alternatifs pour une red\u00e9finition des rapports entre l&#8217;Homme et la Terre.<\/p>\n\n\n\n<p>Organis\u00e9e pour la deuxi\u00e8me ann\u00e9e cons\u00e9cutive, cette exposition refl\u00e8te l&#8217;engagement de l&#8217;IFAN et du mus\u00e9e du Quai Branly en faveur de l&#8217;art photographique et du dialogue interculturel. Le directeur de l&#8217;IFAN, Pr Abdoulaye Baila Niaye, a magnifi\u00e9 cette exposition conjointe en d\u00e9clarant : \u00ab La mani\u00e8re dont les artistes restituent les transformations de nos \u00e9cosyst\u00e8mes est une alerte sur le sort de la vie de notre plan\u00e8te. Ils nous invitent \u00e0 prendre soin de notre plus grande richesse, notre environnement \u00bb.<\/p>\n\n\n<div class=\"wp-block-image\">\n<figure class=\"alignright size-full is-resized\"><img loading=\"lazy\" decoding=\"async\" width=\"595\" height=\"487\" src=\"https:\/\/ifan.ucad.sn\/wp-content\/uploads\/2025\/02\/actualites-1.jpg\" alt=\"\" class=\"wp-image-8217\" style=\"width:428px;height:auto\" srcset=\"https:\/\/ifan.ucad.sn\/wp-content\/uploads\/2025\/02\/actualites-1.jpg 595w, https:\/\/ifan.ucad.sn\/wp-content\/uploads\/2025\/02\/actualites-1-300x246.jpg 300w\" sizes=\"auto, (max-width: 595px) 100vw, 595px\" \/><\/figure>\n<\/div>\n\n\n<p>Le pr\u00e9sident du mus\u00e9e du Quai Branly Jacques Chirac, Emmanuel Kasarh\u00e9rou, a \u00e9galement salu\u00e9 la port\u00e9e de ces \u0153uvres d&#8217;art : \u00ab Cette exposition porte un message qui exc\u00e8de celui de l&#8217;impact humain sur la nature. Elle va plus loin, par l&#8217;espoir qu&#8217;elle insuffle et la po\u00e9sie qu&#8217;elle v\u00e9hicule. Il y a quelque chose en effet de l&#8217;ordre du r\u00e9enchantement du vivant, comme un appel \u00e0 la gu\u00e9rison du monde par la r\u00e9conciliation des hommes et de l&#8217;environnement, un appel au r\u00e9tablissement d&#8217;une harmonie o\u00f9 la dissonance semblait trop souvent l&#8217;emporter \u00bb.<\/p>\n\n\n\n<p>Du 21 f\u00e9vrier 2025 au 20 avril, les \u0153uvres seront expos\u00e9es au mus\u00e9e de l&#8217;IFAN, place Soweto. Le commissariat de l&#8217;exposition est assur\u00e9 par Christine Barthe et Annabelle Lacour, respectivement responsable de l\u2019unit\u00e9 patrimoniale des collections photographiques et responsable des collections photographiques pour le mus\u00e9e du Quai Branly \u2013 Jacques Chirac, ainsi que par El Hadji Malick Ndiaye, conservateur du mus\u00e9e Th\u00e9odore-Monod d&#8217;art africain de l&#8217;IFAN Cheikh Anta Diop.<\/p>\n","protected":false},"excerpt":{"rendered":"<p>Le mus\u00e9e Th\u00e9odore Monod d\u2019art africian IFAN Ch. A. Diop a accueilli ce jeudi 20 f\u00e9vrier 2025 le vernissage de l&#8217;exposition &#8220;R\u00e9enchanter nos vies&#8221;. Cet \u00e9v\u00e9nement est le fruit du partenariat entre l&#8217;IFAN et le mus\u00e9e du Quai Branly Jacques Chirac. \u00ab Le partenariat est organis\u00e9 comme suit : le mus\u00e9e du Quai Branly Jacques [&hellip;]<\/p>\n","protected":false},"author":1,"featured_media":8221,"comment_status":"open","ping_status":"open","sticky":false,"template":"","format":"standard","meta":{"_monsterinsights_skip_tracking":false,"_monsterinsights_sitenote_active":false,"_monsterinsights_sitenote_note":"","_monsterinsights_sitenote_category":0,"footnotes":""},"categories":[28,1],"tags":[],"class_list":["post-8210","post","type-post","status-publish","format-standard","has-post-thumbnail","hentry","category-la-une","category-non-classe"],"_links":{"self":[{"href":"https:\/\/ifan.ucad.sn\/en\/wp-json\/wp\/v2\/posts\/8210","targetHints":{"allow":["GET"]}}],"collection":[{"href":"https:\/\/ifan.ucad.sn\/en\/wp-json\/wp\/v2\/posts"}],"about":[{"href":"https:\/\/ifan.ucad.sn\/en\/wp-json\/wp\/v2\/types\/post"}],"author":[{"embeddable":true,"href":"https:\/\/ifan.ucad.sn\/en\/wp-json\/wp\/v2\/users\/1"}],"replies":[{"embeddable":true,"href":"https:\/\/ifan.ucad.sn\/en\/wp-json\/wp\/v2\/comments?post=8210"}],"version-history":[{"count":3,"href":"https:\/\/ifan.ucad.sn\/en\/wp-json\/wp\/v2\/posts\/8210\/revisions"}],"predecessor-version":[{"id":8222,"href":"https:\/\/ifan.ucad.sn\/en\/wp-json\/wp\/v2\/posts\/8210\/revisions\/8222"}],"wp:featuredmedia":[{"embeddable":true,"href":"https:\/\/ifan.ucad.sn\/en\/wp-json\/wp\/v2\/media\/8221"}],"wp:attachment":[{"href":"https:\/\/ifan.ucad.sn\/en\/wp-json\/wp\/v2\/media?parent=8210"}],"wp:term":[{"taxonomy":"category","embeddable":true,"href":"https:\/\/ifan.ucad.sn\/en\/wp-json\/wp\/v2\/categories?post=8210"},{"taxonomy":"post_tag","embeddable":true,"href":"https:\/\/ifan.ucad.sn\/en\/wp-json\/wp\/v2\/tags?post=8210"}],"curies":[{"name":"wp","href":"https:\/\/api.w.org\/{rel}","templated":true}]}}