{"id":8363,"date":"2025-04-28T18:48:59","date_gmt":"2025-04-28T16:48:59","guid":{"rendered":"https:\/\/ifan.ucad.sn\/?p=8363"},"modified":"2025-04-28T18:55:58","modified_gmt":"2025-04-28T16:55:58","slug":"sauvetage-des-tresors-marins-lifan-engage-une-mission-urgente-au-musee-de-la-mer-en-collaboration-avec-la-fondation-aliph","status":"publish","type":"post","link":"https:\/\/ifan.ucad.sn\/en\/sauvetage-des-tresors-marins-lifan-engage-une-mission-urgente-au-musee-de-la-mer-en-collaboration-avec-la-fondation-aliph\/","title":{"rendered":"Sauvetage des Tr\u00e9sors Marins : l\u2019IFAN engage une mission urgente au mus\u00e9e de la Mer en collaboration avec la fondation ALIPH"},"content":{"rendered":"\n<p>Du 02 au 09 avril, l&#8217;IFAN a lanc\u00e9 un chantier de sauvetage des collections du mus\u00e9e de la Mer. Il s\u2019agit d\u2019une mission urgente de pr\u00e9servation des collections fluide du Mus\u00e9e de la Mer, situ\u00e9 \u00e0 Gor\u00e9e, qui est l\u2019un des trois institutions mus\u00e9ales rattach\u00e9es \u00e0 l\u2019IFAN.<\/p>\n\n\n\n<p>Sp\u00e9cialis\u00e9 dans la pr\u00e9servation et l\u2019exposition d\u2019esp\u00e8ces marines, le mus\u00e9e de la mer offre un cadre important de d\u00e9couverte et de compr\u00e9hension du patrimoine marin africain. Afin d\u2019apporter une r\u00e9ponse urgente aux ravages du temps et aux conditions de conservation pr\u00e9caires, une \u00e9quipe compos\u00e9e d\u2019ing\u00e9nieurs, de techniciens de l\u2019IFAN et d\u2019\u00e9tudiants de l\u2019Institut Universitaire de P\u00eache et d\u2019Aquaculture (IUPA) s&#8217;est mobilis\u00e9e pour sauver ces tr\u00e9sors scientifiques, comprenant des poissons, crustac\u00e9s, mollusques et autres sp\u00e9cimens marins conserv\u00e9s en fluide.<\/p>\n\n\n\n<p>Avec le soutien de la fondation ALIPH, ce chantier est supervis\u00e9 par Dr Abdoulaye Ba, conservateur du Mus\u00e9e de la Mer de l\u2019IFAN.<\/p>\n\n\n\n<p>\u00ab\u202fChaque sp\u00e9cimen sauv\u00e9 repr\u00e9sente un fragment de notre patrimoine marin, essentiel pour les g\u00e9n\u00e9rations futures\u202f\u00bb, a-t-il d\u00e9clar\u00e9.<\/p>\n\n\n\n<p>Selon le Directeur de l\u2019IFAN, Pr Abdoulaye Baila Ndiaye, l\u2019importance de ces collections d\u00e9passe les fronti\u00e8res. En effet, m\u00eame l\u2019empereur du Japon a effectu\u00e9 des recherches sur ces sp\u00e9cimens, notamment sur les vers marins. Ce sauvetage va donc au-del\u00e0 de l\u2019aspect technique et incarne une responsabilit\u00e9 collective envers la pr\u00e9servation de l\u2019histoire de la Mer. La fondation ALIPH pr\u00e9voit, \u00e0 terme, de r\u00e9nover l\u2019ensemble du b\u00e2timent patrimonial qui abrite une part significative.<\/p>\n\n\n\n<figure class=\"wp-block-gallery has-nested-images columns-default is-cropped wp-block-gallery-1 is-layout-flex wp-block-gallery-is-layout-flex\">\n<figure class=\"wp-block-image size-large\"><img loading=\"lazy\" decoding=\"async\" width=\"595\" height=\"487\" data-id=\"8371\" src=\"https:\/\/ifan.ucad.sn\/wp-content\/uploads\/2025\/04\/musee-de-la-mer-de-goree-3.jpg\" alt=\"\" class=\"wp-image-8371\" srcset=\"https:\/\/ifan.ucad.sn\/wp-content\/uploads\/2025\/04\/musee-de-la-mer-de-goree-3.jpg 595w, https:\/\/ifan.ucad.sn\/wp-content\/uploads\/2025\/04\/musee-de-la-mer-de-goree-3-300x246.jpg 300w\" sizes=\"auto, (max-width: 595px) 100vw, 595px\" \/><\/figure>\n\n\n\n<figure class=\"wp-block-image size-large\"><img loading=\"lazy\" decoding=\"async\" width=\"595\" height=\"487\" data-id=\"8372\" src=\"https:\/\/ifan.ucad.sn\/wp-content\/uploads\/2025\/04\/musee-de-la-mer-de-goree-2.jpg\" alt=\"\" class=\"wp-image-8372\" srcset=\"https:\/\/ifan.ucad.sn\/wp-content\/uploads\/2025\/04\/musee-de-la-mer-de-goree-2.jpg 595w, https:\/\/ifan.ucad.sn\/wp-content\/uploads\/2025\/04\/musee-de-la-mer-de-goree-2-300x246.jpg 300w\" sizes=\"auto, (max-width: 595px) 100vw, 595px\" \/><\/figure>\n<\/figure>\n","protected":false},"excerpt":{"rendered":"<p>Du 02 au 09 avril, l&#8217;IFAN a lanc\u00e9 un chantier de sauvetage des collections du mus\u00e9e de la Mer. Il s\u2019agit d\u2019une mission urgente de pr\u00e9servation des collections fluide du Mus\u00e9e de la Mer, situ\u00e9 \u00e0 Gor\u00e9e, qui est l\u2019un des trois institutions mus\u00e9ales rattach\u00e9es \u00e0 l\u2019IFAN. Sp\u00e9cialis\u00e9 dans la pr\u00e9servation et l\u2019exposition d\u2019esp\u00e8ces marines, [&hellip;]<\/p>\n","protected":false},"author":1,"featured_media":8369,"comment_status":"open","ping_status":"open","sticky":false,"template":"","format":"standard","meta":{"_monsterinsights_skip_tracking":false,"_monsterinsights_sitenote_active":false,"_monsterinsights_sitenote_note":"","_monsterinsights_sitenote_category":0,"footnotes":""},"categories":[28],"tags":[],"class_list":["post-8363","post","type-post","status-publish","format-standard","has-post-thumbnail","hentry","category-la-une"],"_links":{"self":[{"href":"https:\/\/ifan.ucad.sn\/en\/wp-json\/wp\/v2\/posts\/8363","targetHints":{"allow":["GET"]}}],"collection":[{"href":"https:\/\/ifan.ucad.sn\/en\/wp-json\/wp\/v2\/posts"}],"about":[{"href":"https:\/\/ifan.ucad.sn\/en\/wp-json\/wp\/v2\/types\/post"}],"author":[{"embeddable":true,"href":"https:\/\/ifan.ucad.sn\/en\/wp-json\/wp\/v2\/users\/1"}],"replies":[{"embeddable":true,"href":"https:\/\/ifan.ucad.sn\/en\/wp-json\/wp\/v2\/comments?post=8363"}],"version-history":[{"count":3,"href":"https:\/\/ifan.ucad.sn\/en\/wp-json\/wp\/v2\/posts\/8363\/revisions"}],"predecessor-version":[{"id":8374,"href":"https:\/\/ifan.ucad.sn\/en\/wp-json\/wp\/v2\/posts\/8363\/revisions\/8374"}],"wp:featuredmedia":[{"embeddable":true,"href":"https:\/\/ifan.ucad.sn\/en\/wp-json\/wp\/v2\/media\/8369"}],"wp:attachment":[{"href":"https:\/\/ifan.ucad.sn\/en\/wp-json\/wp\/v2\/media?parent=8363"}],"wp:term":[{"taxonomy":"category","embeddable":true,"href":"https:\/\/ifan.ucad.sn\/en\/wp-json\/wp\/v2\/categories?post=8363"},{"taxonomy":"post_tag","embeddable":true,"href":"https:\/\/ifan.ucad.sn\/en\/wp-json\/wp\/v2\/tags?post=8363"}],"curies":[{"name":"wp","href":"https:\/\/api.w.org\/{rel}","templated":true}]}}