{"id":8391,"date":"2025-05-28T10:12:44","date_gmt":"2025-05-28T08:12:44","guid":{"rendered":"https:\/\/ifan.ucad.sn\/?p=8391"},"modified":"2025-05-28T14:52:08","modified_gmt":"2025-05-28T12:52:08","slug":"extremisme-violent-en-afrique-lifan-et-ses-partenaires-tentent-de-comprendre-les-parcours-des-jeunes","status":"publish","type":"post","link":"https:\/\/ifan.ucad.sn\/en\/extremisme-violent-en-afrique-lifan-et-ses-partenaires-tentent-de-comprendre-les-parcours-des-jeunes\/","title":{"rendered":"Extr\u00e9misme violent en Afrique, l\u2019IFAN et ses partenaires tentent de comprendre les parcours des jeunes."},"content":{"rendered":"\n<p>Le <strong>Laboratoire des \u00c9tudes Sociales<\/strong> de l&#8217;<strong>Institut Fondamental d&#8217;Afrique Noire (IFAN UCAD)<\/strong> a accueilli du 21 au 24 Mai, un <strong>atelier international<\/strong> sur <strong>les tendances actuelles de l&#8217;\u00e9tude biographique des jeunes impliqu\u00e9s dans l&#8217;extr\u00e9misme violent en Afrique<\/strong>.<\/p>\n\n\n\n<p>Cette rencontre acad\u00e9mique tenue sur une semaine a r\u00e9uni des chercheurs et acteurs de la soci\u00e9t\u00e9 civile qui ont mis en lumi\u00e8re une approche in\u00e9dite dans l\u2019analyse de l\u2019extr\u00e9misme violent : celle fond\u00e9e sur les histoires de vie des jeunes. A l\u2019initiative du programme Point Sud dont l\u2019IFAN est membre, l\u2019atelier a examin\u00e9 les <strong>biographies, identit\u00e9s personnelles, relations sociales et aspirations des jeunes concern\u00e9s<\/strong>, mettant en lumi\u00e8re l\u2019impact de <strong>leur proximit\u00e9 avec les plateformes de socialisation, les acteurs arm\u00e9s et les contextes sociopolitiques<\/strong>.<\/p>\n\n\n\n<p>S&#8217;\u00e9loignant des perceptions qui associent syst\u00e9matiquement l&#8217;extr\u00e9misme violent \u00e0 la religion ou aux groupes islamistes, les \u00e9changes ont permis d\u2019aborder<strong> les formes de radicalisation sous un angle biographique<\/strong>, afin de mieux comprendre les <strong>motivations et dynamiques<\/strong> derri\u00e8re ces engagement.<\/p>\n\n\n\n<p>L\u2019objectif selon le chef du laboratoire des \u00e9tudes sociales de l\u2019IFAN, Dr <a href=\"https:\/\/ifan.ucad.sn\/docteur-mamadou-bodian\/\" data-type=\"page\" data-id=\"7485\">Mamadou Bodian<\/a> est de cr\u00e9er une communaut\u00e9 \u00e9pist\u00e9mique, un espace de r\u00e9flexion collective \u00ab sur les d\u00e9fis majeurs que traversent nos soci\u00e9t\u00e9s, \u00e0 la crois\u00e9e de la recherche et de la compr\u00e9hension contextuelle \u00bb.<\/p>\n\n\n\n<p>\u00ab <em>\u00c0 travers les trajectoires individuelles, nous acc\u00e9dons \u00e0 une compr\u00e9hension plus fine des motivations personnelles<\/em> \u00bb, a-t-il poursuivi. Une mani\u00e8re aussi de sortir des sentiers battus et d\u2019\u00e9largir l\u2019analyse \u00e0 d\u2019autres formes de violence : gu\u00e9rillas locales, violences urbaines ou engagements id\u00e9ologiques, \u00ab<em> tout en gardant les jeunes au centre, comme acteurs \u00e0 part enti\u00e8re<\/em> \u00bb.<\/p>\n\n\n\n<figure class=\"wp-block-gallery has-nested-images columns-default is-cropped wp-block-gallery-1 is-layout-flex wp-block-gallery-is-layout-flex\">\n<figure class=\"wp-block-image size-large\"><img loading=\"lazy\" decoding=\"async\" width=\"1024\" height=\"768\" data-id=\"8403\" src=\"https:\/\/ifan.ucad.sn\/wp-content\/uploads\/2025\/05\/IMG_20250522_095232_950652424376-1024x768.jpg\" alt=\"\" class=\"wp-image-8403\" srcset=\"https:\/\/ifan.ucad.sn\/wp-content\/uploads\/2025\/05\/IMG_20250522_095232_950652424376-1024x768.jpg 1024w, https:\/\/ifan.ucad.sn\/wp-content\/uploads\/2025\/05\/IMG_20250522_095232_950652424376-300x225.jpg 300w, https:\/\/ifan.ucad.sn\/wp-content\/uploads\/2025\/05\/IMG_20250522_095232_950652424376-768x576.jpg 768w, https:\/\/ifan.ucad.sn\/wp-content\/uploads\/2025\/05\/IMG_20250522_095232_950652424376-1536x1152.jpg 1536w, https:\/\/ifan.ucad.sn\/wp-content\/uploads\/2025\/05\/IMG_20250522_095232_950652424376-2048x1536.jpg 2048w\" sizes=\"auto, (max-width: 1024px) 100vw, 1024px\" \/><\/figure>\n\n\n\n<figure class=\"wp-block-image size-large\"><img loading=\"lazy\" decoding=\"async\" width=\"720\" height=\"480\" data-id=\"8404\" src=\"https:\/\/ifan.ucad.sn\/wp-content\/uploads\/2025\/05\/FB_IMG_1748043733940.jpg\" alt=\"\" class=\"wp-image-8404\" srcset=\"https:\/\/ifan.ucad.sn\/wp-content\/uploads\/2025\/05\/FB_IMG_1748043733940.jpg 720w, https:\/\/ifan.ucad.sn\/wp-content\/uploads\/2025\/05\/FB_IMG_1748043733940-300x200.jpg 300w\" sizes=\"auto, (max-width: 720px) 100vw, 720px\" \/><\/figure>\n<\/figure>\n\n\n\n<p><\/p>\n","protected":false},"excerpt":{"rendered":"<p>Le Laboratoire des \u00c9tudes Sociales de l\u2019Institut Fondamental d\u2019Afrique Noire (IFAN UCAD) a accueilli du 21 au 24 Mai, un atelier international sur les tendances actuelles de l\u2019\u00e9tude biographique des jeunes impliqu\u00e9s dans l\u2019extr\u00e9misme violent en Afrique.<\/p>\n","protected":false},"author":1,"featured_media":8395,"comment_status":"closed","ping_status":"open","sticky":false,"template":"","format":"standard","meta":{"_monsterinsights_skip_tracking":false,"_monsterinsights_sitenote_active":false,"_monsterinsights_sitenote_note":"","_monsterinsights_sitenote_category":0,"footnotes":""},"categories":[41,1],"tags":[],"class_list":["post-8391","post","type-post","status-publish","format-standard","has-post-thumbnail","hentry","category-seminaires","category-non-classe"],"_links":{"self":[{"href":"https:\/\/ifan.ucad.sn\/en\/wp-json\/wp\/v2\/posts\/8391","targetHints":{"allow":["GET"]}}],"collection":[{"href":"https:\/\/ifan.ucad.sn\/en\/wp-json\/wp\/v2\/posts"}],"about":[{"href":"https:\/\/ifan.ucad.sn\/en\/wp-json\/wp\/v2\/types\/post"}],"author":[{"embeddable":true,"href":"https:\/\/ifan.ucad.sn\/en\/wp-json\/wp\/v2\/users\/1"}],"replies":[{"embeddable":true,"href":"https:\/\/ifan.ucad.sn\/en\/wp-json\/wp\/v2\/comments?post=8391"}],"version-history":[{"count":5,"href":"https:\/\/ifan.ucad.sn\/en\/wp-json\/wp\/v2\/posts\/8391\/revisions"}],"predecessor-version":[{"id":8405,"href":"https:\/\/ifan.ucad.sn\/en\/wp-json\/wp\/v2\/posts\/8391\/revisions\/8405"}],"wp:featuredmedia":[{"embeddable":true,"href":"https:\/\/ifan.ucad.sn\/en\/wp-json\/wp\/v2\/media\/8395"}],"wp:attachment":[{"href":"https:\/\/ifan.ucad.sn\/en\/wp-json\/wp\/v2\/media?parent=8391"}],"wp:term":[{"taxonomy":"category","embeddable":true,"href":"https:\/\/ifan.ucad.sn\/en\/wp-json\/wp\/v2\/categories?post=8391"},{"taxonomy":"post_tag","embeddable":true,"href":"https:\/\/ifan.ucad.sn\/en\/wp-json\/wp\/v2\/tags?post=8391"}],"curies":[{"name":"wp","href":"https:\/\/api.w.org\/{rel}","templated":true}]}}