{"id":8409,"date":"2025-06-12T14:05:47","date_gmt":"2025-06-12T12:05:47","guid":{"rendered":"https:\/\/ifan.ucad.sn\/?p=8409"},"modified":"2025-06-12T14:18:44","modified_gmt":"2025-06-12T12:18:44","slug":"semaine-mentorat-ifan-doctorants-science-langage","status":"publish","type":"post","link":"https:\/\/ifan.ucad.sn\/en\/semaine-mentorat-ifan-doctorants-science-langage\/","title":{"rendered":"Une semaine de mentorat \u00e0 l\u2019IFAN pour des doctorants en science du langage"},"content":{"rendered":"\n<p>Du 26 au 30 mai 2025, l\u2019<strong>IFAN Ch. A.Diop<\/strong> a accueilli une semaine de mentorat scientifique, au profit de vingt doctorants et \u00e9tudiants en master en sciences du langage de l\u2019<strong>\u00c9cole Doctorale ARCIV<\/strong>. Cette initiative, port\u00e9e conjointement par l\u2019<strong>Universit\u00e9 Cheikh Anta Diop de Dakar (UCAD)<\/strong> &#8211; \u00e0 travers l\u2019Institut fondamental d\u2019Afrique noire (IFAN) et le <strong>Centre de Linguistique Appliqu\u00e9 de Dakar (CLAD)<\/strong> &#8211; l\u2019<strong>Universit\u00e9 libre de Bruxelles (ULB)<\/strong> et <strong>Aix-Marseille Universit\u00e9 (AMU)<\/strong>, s\u2019inscrit dans le cadre dynamique de coop\u00e9ration de l\u2019alliance universitaire CIVIS.<\/p>\n\n\n\n<p>Entre formations intensives, conf\u00e9rences interactives et accompagnement personnalis\u00e9, cette semaine a permis aux jeunes chercheurs de b\u00e9n\u00e9ficier d\u2019un encadrement acad\u00e9mique sp\u00e9cialis\u00e9 assur\u00e9 par des enseignants-chercheurs et des chercheurs issus de divers horizons scientifiques. Les sessions ont eu lieu alternativement \u00e0 l\u2019IFAN Ch. A. Diop et au Centre de linguistique appliqu\u00e9e de Dakar (CLAD_UCAD). \u00c0 l\u2019ouverture de cette semaine de mentorat, le Recteur de l\u2019UCAD, le Professeur Alioune Badara Kandji, repr\u00e9sent\u00e9 par son conseiller sp\u00e9cial, le<strong> Pr Moustapha Sall<\/strong>, a salu\u00e9 cette rencontre scientifique, la qualifiant de \u00ab <em>moment strat\u00e9gique dans l\u2019orientation de notre universit\u00e9<\/em>\u00bb.<\/p>\n\n\n\n<p>Le <strong>Pr Yankhoba Seydi<\/strong>, Directeur de la Recherche et de l\u2019Innovation de l\u2019UCAD, a de son c\u00f4t\u00e9 salu\u00e9 \u00ab un excellent mod\u00e8le de coop\u00e9ration entre le Nord et le Sud\u00bb.<\/p>\n\n\n\n<p>La c\u00e9r\u00e9monie d\u2019ouverture a en outre \u00e9t\u00e9 rehauss\u00e9 par la pr\u00e9sence de l\u2019Assesseur de la FLSH et le Directeur de l\u2019ED ARCIV qui ont soulign\u00e9 l\u2019importance du mentorat de doctorants comme appui \u00e0 l\u2019encadrement des directeurs de th\u00e8ses, tout en souhaitant qu\u2019il soit dans le futur \u00e9largi aux autres disciplines les lettres et sciences humaines.<\/p>\n\n\n\n<p>Ce programme de mentorat s\u2019est donc av\u00e9r\u00e9 \u00eatre un pont entre savoirs, cultures et exp\u00e9riences. Le directeur de l\u2019IFAN a exhort\u00e9 les initiateurs, lors de la c\u00e9r\u00e9monie de remise des attestations aux participants, \u00e0 perp\u00e9tuer cette initiative qui illustre la volont\u00e9 des universit\u00e9s partenaires de renforcer la formation doctorale par une approche collaborative, enrichissante et humaine.<\/p>\n\n\n\n<figure class=\"wp-block-gallery has-nested-images columns-default is-cropped wp-block-gallery-1 is-layout-flex wp-block-gallery-is-layout-flex\">\n<figure class=\"wp-block-image size-medium\"><img loading=\"lazy\" decoding=\"async\" width=\"300\" height=\"246\" data-id=\"8413\" src=\"https:\/\/ifan.ucad.sn\/wp-content\/uploads\/2025\/06\/IFAN-CIVIS-2-300x246.jpg\" alt=\"\" class=\"wp-image-8413\" srcset=\"https:\/\/ifan.ucad.sn\/wp-content\/uploads\/2025\/06\/IFAN-CIVIS-2-300x246.jpg 300w, https:\/\/ifan.ucad.sn\/wp-content\/uploads\/2025\/06\/IFAN-CIVIS-2.jpg 595w\" sizes=\"auto, (max-width: 300px) 100vw, 300px\" \/><\/figure>\n\n\n\n<figure class=\"wp-block-image size-medium\"><img loading=\"lazy\" decoding=\"async\" width=\"300\" height=\"246\" data-id=\"8412\" src=\"https:\/\/ifan.ucad.sn\/wp-content\/uploads\/2025\/06\/IFAN-CIVIS-3-300x246.jpg\" alt=\"\" class=\"wp-image-8412\" srcset=\"https:\/\/ifan.ucad.sn\/wp-content\/uploads\/2025\/06\/IFAN-CIVIS-3-300x246.jpg 300w, https:\/\/ifan.ucad.sn\/wp-content\/uploads\/2025\/06\/IFAN-CIVIS-3.jpg 595w\" sizes=\"auto, (max-width: 300px) 100vw, 300px\" \/><\/figure>\n\n\n\n<figure class=\"wp-block-image size-medium\"><img loading=\"lazy\" decoding=\"async\" width=\"300\" height=\"246\" data-id=\"8410\" src=\"https:\/\/ifan.ucad.sn\/wp-content\/uploads\/2025\/06\/IFAN-CIVIS-1-300x246.jpg\" alt=\"\" class=\"wp-image-8410\" srcset=\"https:\/\/ifan.ucad.sn\/wp-content\/uploads\/2025\/06\/IFAN-CIVIS-1-300x246.jpg 300w, https:\/\/ifan.ucad.sn\/wp-content\/uploads\/2025\/06\/IFAN-CIVIS-1.jpg 595w\" sizes=\"auto, (max-width: 300px) 100vw, 300px\" \/><\/figure>\n<\/figure>\n","protected":false},"excerpt":{"rendered":"<p>Du 26 au 30 mai 2025, l\u2019IFAN Ch. A.Diop a accueilli une semaine de mentorat scientifique, au profit de vingt doctorants et \u00e9tudiants en master en sciences du langage de l\u2019\u00c9cole Doctorale ARCIV. Cette initiative, port\u00e9e conjointement par l\u2019Universit\u00e9 Cheikh Anta Diop de Dakar (UCAD)<\/p>\n","protected":false},"author":1,"featured_media":8410,"comment_status":"closed","ping_status":"open","sticky":false,"template":"","format":"standard","meta":{"_monsterinsights_skip_tracking":false,"_monsterinsights_sitenote_active":false,"_monsterinsights_sitenote_note":"","_monsterinsights_sitenote_category":0,"footnotes":""},"categories":[39,1],"tags":[],"class_list":["post-8409","post","type-post","status-publish","format-standard","has-post-thumbnail","hentry","category-recherches","category-non-classe"],"_links":{"self":[{"href":"https:\/\/ifan.ucad.sn\/en\/wp-json\/wp\/v2\/posts\/8409","targetHints":{"allow":["GET"]}}],"collection":[{"href":"https:\/\/ifan.ucad.sn\/en\/wp-json\/wp\/v2\/posts"}],"about":[{"href":"https:\/\/ifan.ucad.sn\/en\/wp-json\/wp\/v2\/types\/post"}],"author":[{"embeddable":true,"href":"https:\/\/ifan.ucad.sn\/en\/wp-json\/wp\/v2\/users\/1"}],"replies":[{"embeddable":true,"href":"https:\/\/ifan.ucad.sn\/en\/wp-json\/wp\/v2\/comments?post=8409"}],"version-history":[{"count":7,"href":"https:\/\/ifan.ucad.sn\/en\/wp-json\/wp\/v2\/posts\/8409\/revisions"}],"predecessor-version":[{"id":8425,"href":"https:\/\/ifan.ucad.sn\/en\/wp-json\/wp\/v2\/posts\/8409\/revisions\/8425"}],"wp:featuredmedia":[{"embeddable":true,"href":"https:\/\/ifan.ucad.sn\/en\/wp-json\/wp\/v2\/media\/8410"}],"wp:attachment":[{"href":"https:\/\/ifan.ucad.sn\/en\/wp-json\/wp\/v2\/media?parent=8409"}],"wp:term":[{"taxonomy":"category","embeddable":true,"href":"https:\/\/ifan.ucad.sn\/en\/wp-json\/wp\/v2\/categories?post=8409"},{"taxonomy":"post_tag","embeddable":true,"href":"https:\/\/ifan.ucad.sn\/en\/wp-json\/wp\/v2\/tags?post=8409"}],"curies":[{"name":"wp","href":"https:\/\/api.w.org\/{rel}","templated":true}]}}