{"id":8579,"date":"2025-12-10T17:32:32","date_gmt":"2025-12-10T16:32:32","guid":{"rendered":"https:\/\/ifan.ucad.sn\/?p=8579"},"modified":"2025-12-11T16:05:01","modified_gmt":"2025-12-11T15:05:01","slug":"appel-a-communications-et-a-candidatures","status":"publish","type":"post","link":"https:\/\/ifan.ucad.sn\/en\/appel-a-communications-et-a-candidatures\/","title":{"rendered":"Appel \u00e0 communications et \u00e0 candidatures -Journ\u00e9es d\u2019\u00e9tude et de formation"},"content":{"rendered":"\n<div data-wp-interactive=\"core\/file\" class=\"wp-block-file\"><object data-wp-bind--hidden=\"!state.hasPdfPreview\" hidden class=\"wp-block-file__embed\" data=\"https:\/\/ifan.ucad.sn\/wp-content\/uploads\/2025\/12\/Appel-a\u0300-candidatures-New-ways-BT.pdf\" type=\"application\/pdf\" style=\"width:100%;height:810px\" aria-label=\"Embed of Appel a\u0300 candidatures New ways BT.\"><\/object><a id=\"wp-block-file--media-319e4e49-6c04-4eb1-9199-edf054c09821\" href=\"https:\/\/ifan.ucad.sn\/wp-content\/uploads\/2025\/12\/Appel-a\u0300-candidatures-New-ways-BT.pdf\">Appel a\u0300 candidatures New ways BT<\/a><a href=\"https:\/\/ifan.ucad.sn\/wp-content\/uploads\/2025\/12\/Appel-a\u0300-candidatures-New-ways-BT.pdf\" class=\"wp-block-file__button wp-element-button\" download aria-describedby=\"wp-block-file--media-319e4e49-6c04-4eb1-9199-edf054c09821\">T\u00e9l\u00e9charger<\/a><\/div>\n","protected":false},"excerpt":{"rendered":"<p>Ces journ\u00e9es, organis\u00e9es dans le cadre de l\u2019Alliance CIVIS, combinent deux volets compl\u00e9mentaires : (1) Une journ\u00e9e d\u2019\u00e9tude scientifique consacr\u00e9e aux communications sur la variation linguistique dans les villes s\u00e9n\u00e9galaises, et plus particuli\u00e8rement \u00e0<\/p>\n","protected":false},"author":1,"featured_media":8584,"comment_status":"closed","ping_status":"open","sticky":false,"template":"","format":"standard","meta":{"_monsterinsights_skip_tracking":false,"_monsterinsights_sitenote_active":false,"_monsterinsights_sitenote_note":"","_monsterinsights_sitenote_category":0,"footnotes":""},"categories":[50],"tags":[],"class_list":["post-8579","post","type-post","status-publish","format-standard","has-post-thumbnail","hentry","category-appel-a-communication"],"_links":{"self":[{"href":"https:\/\/ifan.ucad.sn\/en\/wp-json\/wp\/v2\/posts\/8579","targetHints":{"allow":["GET"]}}],"collection":[{"href":"https:\/\/ifan.ucad.sn\/en\/wp-json\/wp\/v2\/posts"}],"about":[{"href":"https:\/\/ifan.ucad.sn\/en\/wp-json\/wp\/v2\/types\/post"}],"author":[{"embeddable":true,"href":"https:\/\/ifan.ucad.sn\/en\/wp-json\/wp\/v2\/users\/1"}],"replies":[{"embeddable":true,"href":"https:\/\/ifan.ucad.sn\/en\/wp-json\/wp\/v2\/comments?post=8579"}],"version-history":[{"count":3,"href":"https:\/\/ifan.ucad.sn\/en\/wp-json\/wp\/v2\/posts\/8579\/revisions"}],"predecessor-version":[{"id":8583,"href":"https:\/\/ifan.ucad.sn\/en\/wp-json\/wp\/v2\/posts\/8579\/revisions\/8583"}],"wp:featuredmedia":[{"embeddable":true,"href":"https:\/\/ifan.ucad.sn\/en\/wp-json\/wp\/v2\/media\/8584"}],"wp:attachment":[{"href":"https:\/\/ifan.ucad.sn\/en\/wp-json\/wp\/v2\/media?parent=8579"}],"wp:term":[{"taxonomy":"category","embeddable":true,"href":"https:\/\/ifan.ucad.sn\/en\/wp-json\/wp\/v2\/categories?post=8579"},{"taxonomy":"post_tag","embeddable":true,"href":"https:\/\/ifan.ucad.sn\/en\/wp-json\/wp\/v2\/tags?post=8579"}],"curies":[{"name":"wp","href":"https:\/\/api.w.org\/{rel}","templated":true}]}}