{"id":8704,"date":"2026-01-28T16:05:18","date_gmt":"2026-01-28T15:05:18","guid":{"rendered":"https:\/\/ifan.ucad.sn\/?p=8704"},"modified":"2026-01-28T16:11:13","modified_gmt":"2026-01-28T15:11:13","slug":"passage-de-temoins-a-la-direction-de-lifan-continuite-et-engagement","status":"publish","type":"post","link":"https:\/\/ifan.ucad.sn\/en\/passage-de-temoins-a-la-direction-de-lifan-continuite-et-engagement\/","title":{"rendered":"Passage de t\u00e9moins \u00e0 la direction de l\u2019IFAN: continuit\u00e9 et engagement\u202f"},"content":{"rendered":"\n<p>La c\u00e9r\u00e9monie de passation de service entre le Directeur sortant, le Professeur Abdoulaye Ba\u00efla Ndiaye, et le Directeur entrant, le <a href=\"https:\/\/ifan.ucad.sn\/pr-matar-ndiaye\/\" data-type=\"page\" data-id=\"1311\">Professeur Matar Ndiaye<\/a> s\u2019est d\u00e9roul\u00e9e dans une atmosph\u00e8re empreinte de solennit\u00e9 et de cordialit\u00e9.<\/p>\n\n\n\n<p>Inscrite dans la pure tradition universitaire, la c\u00e9r\u00e9monie s\u2019est tenue en pr\u00e9sence des chercheurs et enseignants (PER) , du personnel administratif, technique et de service (PATS), des \u00e9tudiants, et a \u00e9t\u00e9 marqu\u00e9e par des moments fructueux d&#8217;\u00e9changes cordiaux et de v\u0153ux de succ\u00e8s.<\/p>\n\n\n\n<p>Dans son allocution, le Professeur Abdoulaye Ba\u00efla Ndiaye a exprim\u00e9 sa profonde gratitude \u00e0 l\u2019ensemble des membres du personnel de l&#8217;Institut pour la confiance plac\u00e9e durant ses deux mandats. Il a salu\u00e9 leur professionnalisme et leur esprit d&#8217;\u00e9quipe pour l&#8217;accomplissement de sa mission \u00e0 la Direction de l&#8217;IFAN.<\/p>\n\n\n\n<p>Prenant la parole \u00e0 son tour, le Professeur Matar Ndiaye, nouveau Directeur de l\u2019IFAN Cheikh Anta Diop, a accueilli avec humilit\u00e9, responsabilit\u00e9 et remerciements la confiance que les coll\u00e8gues ont port\u00e9 \u00e0 sa modeste personne en l&#8217;\u00e9lisant Directeur de l&#8217;IFAN. Ch. A. Diop. Il a r\u00e9affirm\u00e9 sa volont\u00e9 de s\u2019inscrire dans une dynamique de continuit\u00e9 et de consolidation des acquis, tout en engageant de nouveaux chantiers structurants qui seront mat\u00e9rialis\u00e9s autour d\u2019un plan strat\u00e9gique.<\/p>\n\n\n\n<p>Le nouveau Directeur a en effet annonc\u00e9 que le plan strat\u00e9gique fera l&#8217;objet de larges concertations avec tous les membres du personnel exer\u00e7ant dans les d\u00e9partements, laboratoires et services, afin de trouver la meilleure vision la plus consensuelle pour l&#8217;IFAN.<\/p>\n\n\n\n<p>Fort de ses exp\u00e9riences scientifiques et administratives, le Professeur Matar Ndiaye compte impulser une nouvelle vision de la recherche adapt\u00e9e aux mutations actuelles du monde acad\u00e9mique et aux d\u00e9fis de l&#8217;affranchissement des champs disciplinaires pour tendre vers transdisciplinarit\u00e9 r\u00e9fl\u00e9chie et constructive.<\/p>\n\n\n\n<p>\u00ab <em>C\u2019est un honneur et un privil\u00e8ge de prendre la direction de l\u2019IFAN, qui constitue l\u2019une des grandes institutions de recherche universitaire de l\u2019Afrique. L\u2019IFAN joue un r\u00f4le majeur dans la construction des savoirs, la conservation des collections, l\u2019archivage et la num\u00e9risation des documents, ainsi que dans le partage et la valorisation des connaissances \u00e0 travers des approches innovantes. J\u2019entends mettre mon mandat au service de l\u2019efficacit\u00e9 administrative et de la transparence totale dans la gestion des ressources.<\/em> \u00bb a-t-il rajout\u00e9.<\/p>\n\n\n\n<p>Cette c\u00e9r\u00e9monie de passation de service marque ainsi une \u00e9tape importante dans la vie de l\u2019IFAN, institut universitaire au service de la recherche, du patrimoine et de la production des savoirs.<\/p>\n\n\n\n<figure class=\"wp-block-gallery has-nested-images columns-default is-cropped wp-block-gallery-1 is-layout-flex wp-block-gallery-is-layout-flex\">\n<figure class=\"wp-block-image size-large\"><img loading=\"lazy\" decoding=\"async\" width=\"595\" height=\"487\" data-id=\"8710\" src=\"https:\/\/ifan.ucad.sn\/wp-content\/uploads\/2026\/01\/1-1.jpg\" alt=\"\" class=\"wp-image-8710\" srcset=\"https:\/\/ifan.ucad.sn\/wp-content\/uploads\/2026\/01\/1-1.jpg 595w, https:\/\/ifan.ucad.sn\/wp-content\/uploads\/2026\/01\/1-1-300x246.jpg 300w\" sizes=\"auto, (max-width: 595px) 100vw, 595px\" \/><\/figure>\n\n\n\n<figure class=\"wp-block-image size-large\"><img loading=\"lazy\" decoding=\"async\" width=\"595\" height=\"487\" data-id=\"8705\" src=\"https:\/\/ifan.ucad.sn\/wp-content\/uploads\/2026\/01\/2-1.jpg\" alt=\"\" class=\"wp-image-8705\" srcset=\"https:\/\/ifan.ucad.sn\/wp-content\/uploads\/2026\/01\/2-1.jpg 595w, https:\/\/ifan.ucad.sn\/wp-content\/uploads\/2026\/01\/2-1-300x246.jpg 300w\" sizes=\"auto, (max-width: 595px) 100vw, 595px\" \/><\/figure>\n<\/figure>\n","protected":false},"excerpt":{"rendered":"<p>La c\u00e9r\u00e9monie de passation de service entre le Directeur sortant, le Professeur Abdoulaye Ba\u00efla Ndiaye, et le Directeur entrant, le Professeur Matar Ndiaye s\u2019est d\u00e9roul\u00e9e dans une atmosph\u00e8re empreinte de solennit\u00e9 et de cordialit\u00e9. Inscrite dans la pure tradition<\/p>\n","protected":false},"author":1,"featured_media":8705,"comment_status":"closed","ping_status":"open","sticky":false,"template":"","format":"standard","meta":{"_monsterinsights_skip_tracking":false,"_monsterinsights_sitenote_active":false,"_monsterinsights_sitenote_note":"","_monsterinsights_sitenote_category":0,"footnotes":""},"categories":[1],"tags":[],"class_list":["post-8704","post","type-post","status-publish","format-standard","has-post-thumbnail","hentry","category-non-classe"],"_links":{"self":[{"href":"https:\/\/ifan.ucad.sn\/en\/wp-json\/wp\/v2\/posts\/8704","targetHints":{"allow":["GET"]}}],"collection":[{"href":"https:\/\/ifan.ucad.sn\/en\/wp-json\/wp\/v2\/posts"}],"about":[{"href":"https:\/\/ifan.ucad.sn\/en\/wp-json\/wp\/v2\/types\/post"}],"author":[{"embeddable":true,"href":"https:\/\/ifan.ucad.sn\/en\/wp-json\/wp\/v2\/users\/1"}],"replies":[{"embeddable":true,"href":"https:\/\/ifan.ucad.sn\/en\/wp-json\/wp\/v2\/comments?post=8704"}],"version-history":[{"count":4,"href":"https:\/\/ifan.ucad.sn\/en\/wp-json\/wp\/v2\/posts\/8704\/revisions"}],"predecessor-version":[{"id":8713,"href":"https:\/\/ifan.ucad.sn\/en\/wp-json\/wp\/v2\/posts\/8704\/revisions\/8713"}],"wp:featuredmedia":[{"embeddable":true,"href":"https:\/\/ifan.ucad.sn\/en\/wp-json\/wp\/v2\/media\/8705"}],"wp:attachment":[{"href":"https:\/\/ifan.ucad.sn\/en\/wp-json\/wp\/v2\/media?parent=8704"}],"wp:term":[{"taxonomy":"category","embeddable":true,"href":"https:\/\/ifan.ucad.sn\/en\/wp-json\/wp\/v2\/categories?post=8704"},{"taxonomy":"post_tag","embeddable":true,"href":"https:\/\/ifan.ucad.sn\/en\/wp-json\/wp\/v2\/tags?post=8704"}],"curies":[{"name":"wp","href":"https:\/\/api.w.org\/{rel}","templated":true}]}}