{"id":8776,"date":"2026-03-11T15:58:52","date_gmt":"2026-03-11T14:58:52","guid":{"rendered":"https:\/\/ifan.ucad.sn\/?p=8776"},"modified":"2026-03-12T08:25:55","modified_gmt":"2026-03-12T07:25:55","slug":"mars-mois-des-femmes-portraits-de-femmes-engagees-dans-ladministration-et-la-recherche-khady-sarr-ndiaye-cheffe-des-services-administratifs-de-lifan-ch-a-diop-et-anna-marie-diagn","status":"publish","type":"post","link":"https:\/\/ifan.ucad.sn\/en\/mars-mois-des-femmes-portraits-de-femmes-engagees-dans-ladministration-et-la-recherche-khady-sarr-ndiaye-cheffe-des-services-administratifs-de-lifan-ch-a-diop-et-anna-marie-diagn\/","title":{"rendered":"Portraits de femmes engag\u00e9es dans l\u2019administration et la recherche"},"content":{"rendered":"\n<p>Mme Khady&nbsp;Sarr&nbsp;Ndiaye est cheffe des Services administratifs de l\u2019Institut fondamental d\u2019Afrique noire Cheikh Anta Diop (IFAN Ch. A. Diop) depuis 2026. Elle y assure la coordination et le suivi des activit\u00e9s administratives de l\u2019institution, contribuant au bon fonctionnement des services et \u00e0 l\u2019appui aux missions de recherche, de conservation et de valorisation du patrimoine scientifique.&nbsp;<\/p>\n\n\n\n<p>De 2022 \u00e0 2026, elle a occup\u00e9 les fonctions de Cheffe des Services administratifs de l\u2019\u00c9cole Sup\u00e9rieure Polytechnique (ESP) de l\u2019Universit\u00e9 Cheikh Anta Diop de Dakar (UCAD), o\u00f9 elle a veill\u00e9 \u00e0 la bonne organisation des services administratifs et \u00e0 l\u2019accompagnement des activit\u00e9s acad\u00e9miques et institutionnelles.&nbsp;<\/p>\n\n\n<div class=\"wp-block-image\">\n<figure class=\"alignleft size-large is-resized\"><img loading=\"lazy\" decoding=\"async\" width=\"576\" height=\"1024\" src=\"https:\/\/ifan.ucad.sn\/wp-content\/uploads\/2026\/03\/Snapchat-1737898825-1-576x1024.jpg\" alt=\"\" class=\"wp-image-8775\" style=\"width:452px;height:auto\" srcset=\"https:\/\/ifan.ucad.sn\/wp-content\/uploads\/2026\/03\/Snapchat-1737898825-1-576x1024.jpg 576w, https:\/\/ifan.ucad.sn\/wp-content\/uploads\/2026\/03\/Snapchat-1737898825-1-169x300.jpg 169w, https:\/\/ifan.ucad.sn\/wp-content\/uploads\/2026\/03\/Snapchat-1737898825-1-768x1365.jpg 768w, https:\/\/ifan.ucad.sn\/wp-content\/uploads\/2026\/03\/Snapchat-1737898825-1-864x1536.jpg 864w, https:\/\/ifan.ucad.sn\/wp-content\/uploads\/2026\/03\/Snapchat-1737898825-1.jpg 1080w\" sizes=\"auto, (max-width: 576px) 100vw, 576px\" \/><\/figure>\n<\/div>\n\n\n<p>&nbsp;Juriste de formation, Mme Ndiaye est titulaire d\u2019un Dipl\u00f4me d\u2019\u00c9tudes Approfondies (DEA) en droit priv\u00e9 obtenu \u00e0 la Facult\u00e9 des Sciences Juridiques et Politiques de l\u2019UCAD. Souvent pr\u00e9sent\u00e9e comme un v\u00e9ritable \u00ab pur produit de l\u2019UCAD \u00bb, elle y a construit l\u2019essentiel de son parcours professionnel. Elle a notamment exerc\u00e9 les fonctions de Cheffe du Service de la P\u00e9dagogie \u00e0 la Facult\u00e9 des Sciences \u00c9conomiques et de Gestion (FASEG) \u00e0 partir de 2010, avant de devenir Cheffe du Service de la Scolarit\u00e9 de cette m\u00eame facult\u00e9 entre 2013 et 2018.&nbsp;&nbsp;<\/p>\n\n\n\n<p>Elle rejoint ensuite la Direction des Affaires Juridiques de l\u2019UCAD en 2019, o\u00f9 elle met \u00e0 profit sa formation juridique et son exp\u00e9rience administrative.&nbsp;&nbsp;<\/p>\n\n\n\n<p>Parall\u00e8lement \u00e0 ses responsabilit\u00e9s professionnelles, Mme Khady&nbsp;Sarr&nbsp;Ndiaye se distingue par son engagement constant en faveur des droits des femmes. Elle a \u00e9t\u00e9 membre, consultante et formatrice au sein de l\u2019Association des Femmes Juristes du S\u00e9n\u00e9gal, dont elle a \u00e9galement occup\u00e9 les fonctions de Secr\u00e9taire g\u00e9n\u00e9rale adjointe, puis de Secr\u00e9taire g\u00e9n\u00e9rale, avant d\u2019int\u00e9grer le Conseil d\u2019administration de l\u2019association.&nbsp;&nbsp;<\/p>\n\n\n\n<p><strong><em>&#8220;La femme n\u2019a plus \u00e0 prouver ses capacit\u00e9s ni ses&nbsp;comp\u00e9tences.&nbsp;Le monde reconna\u00eet de plus en plus ce qu\u2019elle incarne d\u00e9j\u00e0.\u00bb,<\/em><\/strong>&nbsp; comme&nbsp;pour&nbsp;rappeler une \u00e9vidence en ce mois d\u00e9di\u00e9e aux femmes dans le monde.&nbsp;<\/p>\n\n\n\n<p>Appr\u00e9ci\u00e9e pour sa rigueur, sa pers\u00e9v\u00e9rance et son sens du service, Mme Khady&nbsp;Sarr&nbsp;Ndiaye incarne une administration universitaire dynamique, alliant comp\u00e9tence, engagement institutionnel et sens des responsabilit\u00e9s.&nbsp;<\/p>\n\n\n\n<p><strong>Anna Marie&nbsp;Diagne ,&nbsp;linguiste engag\u00e9e pour la valorisation des langues africaines et la transmission du savoir<\/strong>&nbsp;<\/p>\n\n\n\n<p>Dr Anna Marie Diagne est linguiste au Laboratoire de linguistique de l\u2019Institut fondamental d\u2019Afrique noire Cheikh Anta Diop (IFAN), \u00e0 l\u2019Universit\u00e9 Cheikh Anta Diop de Dakar. Elle occupe, depuis 2023, les fonctions de cheffe du D\u00e9partement des Langues et Civilisations de l\u2019IFAN. Titulaire d\u2019un doctorat en philologie africaine, elle s\u2019est distingu\u00e9e par un engagement constant en faveur de la recherche, de la valorisation du patrimoine linguistique africain et de la diffusion des savoirs scientifiques.&nbsp;<\/p>\n\n\n\n<p><strong>\u00ab&nbsp;<\/strong><strong><em>Je suis convaincue que chaque femme trouve, dans sa langue et sa culture, la force d\u2019exprimer tout son potentiel ; c\u2019est cette conviction qui guide mon engagement pour les langues et la transmission du savoir<\/em><\/strong><strong>&nbsp;\u00bb, soutient-elle.<\/strong>&nbsp;<\/p>\n\n\n<div class=\"wp-block-image\">\n<figure class=\"alignleft size-full is-resized\"><img loading=\"lazy\" decoding=\"async\" width=\"1016\" height=\"885\" src=\"https:\/\/ifan.ucad.sn\/wp-content\/uploads\/2026\/03\/anna-marie-diagne.png\" alt=\"\" class=\"wp-image-8780\" style=\"aspect-ratio:1.1480446927374302;width:465px;height:auto\" srcset=\"https:\/\/ifan.ucad.sn\/wp-content\/uploads\/2026\/03\/anna-marie-diagne.png 1016w, https:\/\/ifan.ucad.sn\/wp-content\/uploads\/2026\/03\/anna-marie-diagne-300x261.png 300w, https:\/\/ifan.ucad.sn\/wp-content\/uploads\/2026\/03\/anna-marie-diagne-768x669.png 768w\" sizes=\"auto, (max-width: 1016px) 100vw, 1016px\" \/><\/figure>\n<\/div>\n\n\n<p>Au cours de sa carri\u00e8re, Dr Diagne a occup\u00e9 plusieurs fonctions de responsabilit\u00e9 au sein de l\u2019UCAD et de l\u2019IFAN. Elle a notamment \u00e9t\u00e9 cheffe du D\u00e9partement de l\u2019Information scientifique de l\u2019IFAN (2014\u20132017) et directrice de l\u2019Animation culturelle et scientifique de l\u2019Universit\u00e9 Cheikh Anta Diop (2015\u20132017). Elle a \u00e9galement&nbsp;codirig\u00e9&nbsp;le projet de recherche&nbsp;<em>\u00ab Communication persuasive chez&nbsp;les Wolof&nbsp;: aspects culturels et langagiers \u00bb<\/em>, consacr\u00e9 \u00e0 l\u2019analyse des strat\u00e9gies discursives dans les pratiques sociales wolof.&nbsp;<\/p>\n\n\n\n<p>Ses travaux de recherche portent principalement sur la grammaire et la dialectologie des langues africaines, en particulier&nbsp;des langues mand\u00e9, ainsi que sur la documentation et la description de langues minoritaires ou menac\u00e9es. Elle est notamment engag\u00e9e dans l\u2019\u00e9tude du&nbsp;seereer&nbsp;paloor, langue atlantique minoritaire du S\u00e9n\u00e9gal, ainsi que dans l\u2019analyse des dynamiques de contact linguistique dans l\u2019aire mand\u00e9, \u00e0 travers le projet&nbsp;<em>\u00ab Contact de langues et trajectoires linguistiques dans l\u2019aire mand\u00e9 : destins de deux branches des Silla au S\u00e9n\u00e9gal et au Burkina Faso \u00bb<\/em>. Dans cette perspective, elle s\u2019int\u00e9resse \u00e9galement aux ph\u00e9nom\u00e8nes d\u2019\u00eelots linguistiques, aux processus de diff\u00e9renciation dialectale et aux effets de l\u2019histoire sociale sur la structuration des langues.&nbsp;<\/p>\n\n\n\n<p>Une part importante de ses recherches est consacr\u00e9e \u00e0 la mise en lumi\u00e8re de la diversit\u00e9 linguistique du S\u00e9n\u00e9gal, notamment \u00e0 travers des travaux de dialectologie et de cartographie linguistique visant \u00e0 mieux documenter la variation interne des langues nationales et \u00e0 en restituer les dynamiques territoriales et historiques.&nbsp;<\/p>\n\n\n\n<p>Parall\u00e8lement, Dr Diagne d\u00e9veloppe un int\u00e9r\u00eat croissant pour la documentation et la reconnaissance des langues des signes au S\u00e9n\u00e9gal. Ses recherches visent \u00e0 contribuer \u00e0 l\u2019identification et \u00e0 la description d\u2019une langue des signes s\u00e9n\u00e9galaise, dans une perspective \u00e0 la fois linguistique, patrimoniale et inclusive, attentive \u00e0 la reconnaissance des pratiques langagi\u00e8res des communaut\u00e9s sourdes.&nbsp;<\/p>\n\n\n\n<p>Elle est \u00e9galement impliqu\u00e9e dans plusieurs initiatives \u00e9ditoriales et scientifiques au sein de l\u2019IFAN. Elle a&nbsp;codirig\u00e9&nbsp;un num\u00e9ro hommage des&nbsp;<em>M\u00e9moires de l\u2019IFAN<\/em>&nbsp;consacr\u00e9 \u00e0 la linguiste&nbsp;Arame&nbsp;Fal, figure majeure des \u00e9tudes sur les langues s\u00e9n\u00e9galaises, participant ainsi \u00e0 la valorisation de l\u2019h\u00e9ritage scientifique et intellectuel dans le domaine de la linguistique africaine.&nbsp;<\/p>\n\n\n\n<p>Dr Diagne est coauteure de l\u2019ouvrage&nbsp;<em>Des langues, une nation : mythes et r\u00e9cits de fondation au S\u00e9n\u00e9gal<\/em>, publi\u00e9 dans la collection URITHI de l\u2019IFAN Ch. A. Diop, en collaboration avec Abdoulaye Keita et Sidy Sam. Elle a \u00e9galement particip\u00e9 au projet international&nbsp;<em>\u00ab Conception d\u2019un dictionnaire \u00e9lectronique unilingue wolof et bilingue&nbsp;woloffran\u00e7ais&nbsp;\u00bb<\/em>&nbsp;(2007\u20132008), qui visait \u00e0 d\u00e9velopper des outils lexicographiques num\u00e9riques pour la langue wolof.&nbsp;<\/p>\n\n\n\n<p>Tr\u00e8s engag\u00e9e dans l\u2019animation de la recherche, Dr Diagne a pr\u00e9sid\u00e9 le comit\u00e9 d\u2019organisation du Colloque international de linguistique de Dakar (CILDAK), tenu en mars 2023, une rencontre scientifique qui a r\u00e9uni chercheurs et sp\u00e9cialistes autour des enjeux contemporains de la linguistique africaine et de la diversit\u00e9 linguistique.&nbsp;<\/p>\n\n\n\n<p>\u00c0 travers ses travaux et ses responsabilit\u00e9s scientifiques, Dr Anna Marie Diagne \u0153uvre \u00e0 promouvoir une approche inclusive et dynamique des langues africaines, attentive \u00e0 la diversit\u00e9 des pratiques linguistiques, \u00e0 la documentation des langues minoritaires et \u00e0 la transmission des savoirs linguistiques en Afrique.&nbsp;<\/p>\n","protected":false},"excerpt":{"rendered":"<p>Mme Khady Sarr Ndiaye, cheffe des Services administratifs de l\u2019Institut fondamental d\u2019Afrique noire Cheikh Anta Diop (IFAN Ch. A. Diop)  et Mme Anna Marie Diagne, cheffe du d\u00e9partement des Langues et Civilisations de l\u2019IFAN Ch. A. Diop<\/p>\n","protected":false},"author":1,"featured_media":8784,"comment_status":"closed","ping_status":"open","sticky":false,"template":"","format":"standard","meta":{"_monsterinsights_skip_tracking":false,"_monsterinsights_sitenote_active":false,"_monsterinsights_sitenote_note":"","_monsterinsights_sitenote_category":0,"footnotes":""},"categories":[71],"tags":[],"class_list":["post-8776","post","type-post","status-publish","format-standard","has-post-thumbnail","hentry","category-portraits"],"_links":{"self":[{"href":"https:\/\/ifan.ucad.sn\/en\/wp-json\/wp\/v2\/posts\/8776","targetHints":{"allow":["GET"]}}],"collection":[{"href":"https:\/\/ifan.ucad.sn\/en\/wp-json\/wp\/v2\/posts"}],"about":[{"href":"https:\/\/ifan.ucad.sn\/en\/wp-json\/wp\/v2\/types\/post"}],"author":[{"embeddable":true,"href":"https:\/\/ifan.ucad.sn\/en\/wp-json\/wp\/v2\/users\/1"}],"replies":[{"embeddable":true,"href":"https:\/\/ifan.ucad.sn\/en\/wp-json\/wp\/v2\/comments?post=8776"}],"version-history":[{"count":7,"href":"https:\/\/ifan.ucad.sn\/en\/wp-json\/wp\/v2\/posts\/8776\/revisions"}],"predecessor-version":[{"id":8789,"href":"https:\/\/ifan.ucad.sn\/en\/wp-json\/wp\/v2\/posts\/8776\/revisions\/8789"}],"wp:featuredmedia":[{"embeddable":true,"href":"https:\/\/ifan.ucad.sn\/en\/wp-json\/wp\/v2\/media\/8784"}],"wp:attachment":[{"href":"https:\/\/ifan.ucad.sn\/en\/wp-json\/wp\/v2\/media?parent=8776"}],"wp:term":[{"taxonomy":"category","embeddable":true,"href":"https:\/\/ifan.ucad.sn\/en\/wp-json\/wp\/v2\/categories?post=8776"},{"taxonomy":"post_tag","embeddable":true,"href":"https:\/\/ifan.ucad.sn\/en\/wp-json\/wp\/v2\/tags?post=8776"}],"curies":[{"name":"wp","href":"https:\/\/api.w.org\/{rel}","templated":true}]}}