{"id":8791,"date":"2026-03-12T15:07:37","date_gmt":"2026-03-12T14:07:37","guid":{"rendered":"https:\/\/ifan.ucad.sn\/?p=8791"},"modified":"2026-03-12T15:09:10","modified_gmt":"2026-03-12T14:09:10","slug":"le-secretaire-general-et-le-directeur-des-ressources-humaines-de-lucad-en-visite-a-lifan-ch-a-diop","status":"publish","type":"post","link":"https:\/\/ifan.ucad.sn\/en\/le-secretaire-general-et-le-directeur-des-ressources-humaines-de-lucad-en-visite-a-lifan-ch-a-diop\/","title":{"rendered":"Le Secr\u00e9taire g\u00e9n\u00e9ral et le Directeur des Ressources humaines de l\u2019UCAD en visite \u00e0 l\u2019IFAN Ch. A. Diop"},"content":{"rendered":"\n<p>Le <strong>Secr\u00e9taire g\u00e9n\u00e9ral de l\u2019Universit\u00e9 Cheikh Anta Diop de Dakar (UCAD), M. Seydi Ababakar Mbengue<\/strong>, accompagn\u00e9 du <strong>Directeur des Ressources humaines, M. Ibrahima Mamadou Kane<\/strong>, a r\u00e9serv\u00e9 sa premi\u00e8re visite institutionnelle \u00e0 l\u2019Institut fondamental d\u2019Afrique noire Cheikh Anta Diop (IFAN Ch. A. Diop).<\/p>\n\n\n\n<p>La rencontre a d\u00e9but\u00e9 par un t\u00eate-\u00e0-t\u00eate avec les autorit\u00e9s de l\u2019Institut, notamment le <strong>Pr Matar Ndiaye, Directeur de l\u2019IFAN Ch. A. Diop<\/strong>, et <strong>Mme Khady Sarr Ndiaye, Cheffe des Services administratifs<\/strong>. \u00a0Cet \u00e9change a permis de faire un \u00e9tat des lieux du fonctionnement de l\u2019Institut, de ses activit\u00e9s scientifiques ainsi que de ses perspectives.<\/p>\n\n\n\n<p>La d\u00e9l\u00e9gation a ensuite visit\u00e9&nbsp;&nbsp; les laboratoires des vert\u00e9br\u00e9s et des invert\u00e9br\u00e9s terrestres, o\u00f9 les \u00e9quipes ont pr\u00e9sent\u00e9 leurs collections scientifiques ainsi que leurs missions de recherche, de conservation et de documentation du patrimoine.<\/p>\n\n\n\n<p>Au terme de la visite, le Secr\u00e9taire g\u00e9n\u00e9ral de l\u2019UCAD a exprim\u00e9 son appr\u00e9ciation pour le travail men\u00e9 par les \u00e9quipes de l\u2019IFAN. Le Directeur de l\u2019Institut, le Pr Matar Ndiaye, a pour sa part salu\u00e9 cette initiative et exhort\u00e9 ses h\u00f4tes \u00e0 servir de relais aupr\u00e8s des autorit\u00e9s universitaires, afin de renforcer l\u2019accompagnement d\u00e9di\u00e9 aux missions scientifiques et patrimoniales de l\u2019IFAN.<\/p>\n\n\n\n<p>La visite du Secr\u00e9taire g\u00e9n\u00e9ral de l\u2019UCAD contribue \u00e0 renforcer les liens entre l\u2019administration centrale et les instituts rattach\u00e9s, tels que l\u2019IFAN. Elle vise \u00e0 mieux prendre en charge leurs besoins, \u00e0 soutenir leurs activit\u00e9s scientifiques et \u00e0 optimiser la coordination administrative.<\/p>\n\n\n\n<p><\/p>\n","protected":false},"excerpt":{"rendered":"<p>Le Secr\u00e9taire g\u00e9n\u00e9ral de l\u2019Universit\u00e9 Cheikh Anta Diop de Dakar (UCAD), M. Seydi Ababakar Mbengue, accompagn\u00e9 du Directeur des Ressources humaines, M. Ibrahima Mamadou Kane&#8230;<\/p>\n","protected":false},"author":1,"featured_media":8774,"comment_status":"closed","ping_status":"open","sticky":false,"template":"","format":"standard","meta":{"_monsterinsights_skip_tracking":false,"_monsterinsights_sitenote_active":false,"_monsterinsights_sitenote_note":"","_monsterinsights_sitenote_category":0,"footnotes":""},"categories":[1],"tags":[],"class_list":["post-8791","post","type-post","status-publish","format-standard","has-post-thumbnail","hentry","category-non-classe"],"_links":{"self":[{"href":"https:\/\/ifan.ucad.sn\/en\/wp-json\/wp\/v2\/posts\/8791","targetHints":{"allow":["GET"]}}],"collection":[{"href":"https:\/\/ifan.ucad.sn\/en\/wp-json\/wp\/v2\/posts"}],"about":[{"href":"https:\/\/ifan.ucad.sn\/en\/wp-json\/wp\/v2\/types\/post"}],"author":[{"embeddable":true,"href":"https:\/\/ifan.ucad.sn\/en\/wp-json\/wp\/v2\/users\/1"}],"replies":[{"embeddable":true,"href":"https:\/\/ifan.ucad.sn\/en\/wp-json\/wp\/v2\/comments?post=8791"}],"version-history":[{"count":3,"href":"https:\/\/ifan.ucad.sn\/en\/wp-json\/wp\/v2\/posts\/8791\/revisions"}],"predecessor-version":[{"id":8795,"href":"https:\/\/ifan.ucad.sn\/en\/wp-json\/wp\/v2\/posts\/8791\/revisions\/8795"}],"wp:featuredmedia":[{"embeddable":true,"href":"https:\/\/ifan.ucad.sn\/en\/wp-json\/wp\/v2\/media\/8774"}],"wp:attachment":[{"href":"https:\/\/ifan.ucad.sn\/en\/wp-json\/wp\/v2\/media?parent=8791"}],"wp:term":[{"taxonomy":"category","embeddable":true,"href":"https:\/\/ifan.ucad.sn\/en\/wp-json\/wp\/v2\/categories?post=8791"},{"taxonomy":"post_tag","embeddable":true,"href":"https:\/\/ifan.ucad.sn\/en\/wp-json\/wp\/v2\/tags?post=8791"}],"curies":[{"name":"wp","href":"https:\/\/api.w.org\/{rel}","templated":true}]}}