{"id":8804,"date":"2026-03-17T11:57:33","date_gmt":"2026-03-17T10:57:33","guid":{"rendered":"https:\/\/ifan.ucad.sn\/?p=8804"},"modified":"2026-03-17T12:07:47","modified_gmt":"2026-03-17T11:07:47","slug":"appel-a-contributions-darticles-pour-le-bulletin-de-lifan-serie-b-tome-67","status":"publish","type":"post","link":"https:\/\/ifan.ucad.sn\/en\/appel-a-contributions-darticles-pour-le-bulletin-de-lifan-serie-b-tome-67\/","title":{"rendered":"Appel \u00e0 contributions d&#8217;articles pour le Bulletin de l\u2019IFAN, s\u00e9rie\u00a0 B, tome 67"},"content":{"rendered":"\n<p>Le <strong><em>Bulletin de l\u2019IFAN<\/em><\/strong>, s\u00e9rie B (Sciences humaines, Sciences sociales), lance un appel \u00e0<\/p>\n\n\n\n<p>contribution d\u2019articles pluridisciplinaires pour le tome LXVII, \u00e0 para\u00eetre en janvier 2027.<\/p>\n\n\n\n<p>Fond\u00e9 en 1939, le <strong><em>Bulletin de l\u2019IFAN <\/em><\/strong>publie des articles originaux ou de synth\u00e8se, des notes et documents et des comptes rendus bibliographiques sur des sujets relatifs \u00e0 l\u2019Afrique noire et sp\u00e9cialement l\u2019Afrique noire occidentale, dans les diff\u00e9rents domaines des Sciences de la Vie et de la Terre pour sa s\u00e9rie A et dans ceux des Sciences humaines et sociales pour sa s\u00e9rie B.<\/p>\n\n\n\n<p>Ces \u00e9tudes sont g\u00e9n\u00e9ralement r\u00e9dig\u00e9es en fran\u00e7ais, mais peuvent l\u2019\u00eatre en anglais ou \u00e9ventuellement en allemand, espagnol, italien, ou portugais. Dans les autres cas, une traduction en fran\u00e7ais ou en anglais sera n\u00e9cessaire.<\/p>\n\n\n\n<p>Les contributions sont \u00e0 envoyer \u00e0 : <strong>publications.ifan@ucad.edu.sn <\/strong>et seront publi\u00e9es dans le<\/p>\n\n\n\n<div data-wp-interactive=\"core\/file\" class=\"wp-block-file\"><object data-wp-bind--hidden=\"!state.hasPdfPreview\" hidden class=\"wp-block-file__embed\" data=\"https:\/\/ifan.ucad.sn\/wp-content\/uploads\/2026\/03\/Appel-a-contributions-Bulletin-B-tome-67.pdf\" type=\"application\/pdf\" style=\"width:100%;height:820px\" aria-label=\"Embed of Appel \u00e0 contributions- Bulletin B, tome 67.\"><\/object><a id=\"wp-block-file--media-5ab51470-abfe-4cbb-8e58-10c3fd552292\" href=\"https:\/\/ifan.ucad.sn\/wp-content\/uploads\/2026\/03\/Appel-a-contributions-Bulletin-B-tome-67.pdf\">Appel \u00e0 contributions- Bulletin B, tome 67<\/a><a href=\"https:\/\/ifan.ucad.sn\/wp-content\/uploads\/2026\/03\/Appel-a-contributions-Bulletin-B-tome-67.pdf\" class=\"wp-block-file__button wp-element-button\" download aria-describedby=\"wp-block-file--media-5ab51470-abfe-4cbb-8e58-10c3fd552292\">T\u00e9l\u00e9charger<\/a><\/div>\n\n\n\n<p><strong><em>Bulletin de l\u2019IFAN<\/em><\/strong><strong>, s\u00e9rie B, <\/strong>tome <strong>LXVII, en janvier 2027.<\/strong><\/p>\n\n\n\n<p><strong>Calendrier pr\u00e9visionnel de publication du volume :<\/strong><\/p>\n\n\n\n<p><strong>16 juin 2026 <\/strong>:Cl\u00f4ture de la soumission des articles<\/p>\n\n\n\n<p><strong>Septembre 2026 <\/strong>:Notification et retour d\u2019expertise aux auteurs<\/p>\n\n\n\n<p><strong>Octobre 2026 <\/strong>: Retour d\u00e9finitif des textes corrig\u00e9s<\/p>\n\n\n\n<p><strong>Janvier 2027 : <\/strong>Envoi des tir\u00e9s \u00e0 part (TAP)<\/p>\n","protected":false},"excerpt":{"rendered":"<p>Le Bulletin de l\u2019IFAN, s\u00e9rie B (Sciences humaines, Sciences sociales), lance un appel \u00e0 contribution d\u2019articles pluridisciplinaires pour le tome LXVII, \u00e0 para\u00eetre en janvier 2027. Fond\u00e9 en 1939, le Bulletin de l\u2019IFAN publie des articles originaux ou de synth\u00e8se&#8230;<\/p>\n","protected":false},"author":1,"featured_media":8807,"comment_status":"closed","ping_status":"open","sticky":false,"template":"","format":"standard","meta":{"_monsterinsights_skip_tracking":false,"_monsterinsights_sitenote_active":false,"_monsterinsights_sitenote_note":"","_monsterinsights_sitenote_category":0,"footnotes":""},"categories":[72],"tags":[],"class_list":["post-8804","post","type-post","status-publish","format-standard","has-post-thumbnail","hentry","category-appel-a-contributions"],"_links":{"self":[{"href":"https:\/\/ifan.ucad.sn\/en\/wp-json\/wp\/v2\/posts\/8804","targetHints":{"allow":["GET"]}}],"collection":[{"href":"https:\/\/ifan.ucad.sn\/en\/wp-json\/wp\/v2\/posts"}],"about":[{"href":"https:\/\/ifan.ucad.sn\/en\/wp-json\/wp\/v2\/types\/post"}],"author":[{"embeddable":true,"href":"https:\/\/ifan.ucad.sn\/en\/wp-json\/wp\/v2\/users\/1"}],"replies":[{"embeddable":true,"href":"https:\/\/ifan.ucad.sn\/en\/wp-json\/wp\/v2\/comments?post=8804"}],"version-history":[{"count":4,"href":"https:\/\/ifan.ucad.sn\/en\/wp-json\/wp\/v2\/posts\/8804\/revisions"}],"predecessor-version":[{"id":8811,"href":"https:\/\/ifan.ucad.sn\/en\/wp-json\/wp\/v2\/posts\/8804\/revisions\/8811"}],"wp:featuredmedia":[{"embeddable":true,"href":"https:\/\/ifan.ucad.sn\/en\/wp-json\/wp\/v2\/media\/8807"}],"wp:attachment":[{"href":"https:\/\/ifan.ucad.sn\/en\/wp-json\/wp\/v2\/media?parent=8804"}],"wp:term":[{"taxonomy":"category","embeddable":true,"href":"https:\/\/ifan.ucad.sn\/en\/wp-json\/wp\/v2\/categories?post=8804"},{"taxonomy":"post_tag","embeddable":true,"href":"https:\/\/ifan.ucad.sn\/en\/wp-json\/wp\/v2\/tags?post=8804"}],"curies":[{"name":"wp","href":"https:\/\/api.w.org\/{rel}","templated":true}]}}