{"id":8812,"date":"2026-03-17T12:17:02","date_gmt":"2026-03-17T11:17:02","guid":{"rendered":"https:\/\/ifan.ucad.sn\/?p=8812"},"modified":"2026-03-17T12:22:05","modified_gmt":"2026-03-17T11:22:05","slug":"visite-des-doyens-de-facultes-a-lifan-immersion-dans-les-laboratoires-et-les-collections-patrimoniales","status":"publish","type":"post","link":"https:\/\/ifan.ucad.sn\/en\/visite-des-doyens-de-facultes-a-lifan-immersion-dans-les-laboratoires-et-les-collections-patrimoniales\/","title":{"rendered":"Visite\u00a0 des doyens de facult\u00e9s \u00e0 l\u2019IFAN : immersion dans les laboratoires et les collections patrimoniales"},"content":{"rendered":"\n<p>\u00c0 l\u2019initiative du <strong>Directeur de l\u2019Institut fondamental d\u2019Afrique noire Cheikh Anta Diop (IFAN),\u00a0 <a href=\"https:\/\/ifan.ucad.sn\/pr-matar-ndiaye\/\" data-type=\"page\" data-id=\"1311\">Professeur Matar Ndiaye<\/a><\/strong>, une visite a \u00e9t\u00e9 organis\u00e9e \u00e0 l\u2019intention des doyens de facult\u00e9s et chefs d\u2019\u00e9tablissement de l\u2019UCAD.<\/p>\n\n\n\n<p>Il s\u2019agit du <strong>Professeur Isma\u00efla DIOUF, doyen de la Facult\u00e9 des Sciences et Techniques (FST)<\/strong>, de la <strong>Professeure Aminata Ciss\u00e9 NIANG, doyenne de la Facult\u00e9 des Sciences Juridiques et Politiques (FSJP),<\/strong> du <strong>Professeur Cherif Sidi KANE, doyen de la Facult\u00e9 des Sciences Economiques et de Gestion (FASEG)<\/strong>, du <strong>Professeur Moustapha SOKHNA, doyen de la Facult\u00e9 des Sciences et Technologies de l\u2019\u00c9ducation\u00a0 et de la Formation (FASTEF)<\/strong> et du <strong>Professeur Falilou Mback\u00e9 SAMBE, directeur de l\u2019\u00c9cole Sup\u00e9rieure Polytechnique de l\u2019UCAD (ESP<\/strong>).\u00a0<\/p>\n\n\n\n<p>La rencontre avait pour objectif g\u00e9n\u00e9ral de faire d\u00e9couvrir les diff\u00e9rents d\u00e9partements et laboratoires abritant les collections et les archives scientifiques de l\u2019Institut. Les objectifs sp\u00e9cifiques visent \u00e0 renforcer les perspectives de collaboration avec les diff\u00e9rentes facult\u00e9s, \u00e9coles ou instituts de l\u2019UCAD.&nbsp;<\/p>\n\n\n\n<p><strong>Immersion au c\u0153ur du laboratoire de botanique<\/strong><\/p>\n\n\n\n<p>La visite a mis en lumi\u00e8re un&nbsp;laboratoire de botanique&nbsp;poss\u00e9dant l&#8217;un des herbiers les plus importants d&#8217;Afrique francophone, riche de&nbsp;60 000 sp\u00e9cimens. Les chercheurs y effectuent un double travail : l&#8217;inventaire scientifique de la flore et la documentation des&nbsp;savoirs traditionnels&nbsp;(m\u00e9decine, culture). Cette collection historique a r\u00e9cemment permis d&#8217;identifier une&nbsp;dizaine de nouvelles esp\u00e8ces&nbsp;au S\u00e9n\u00e9gal. L&#8217;enjeu actuel repose sur la&nbsp;num\u00e9risation des collections&nbsp;pour faciliter l&#8217;acc\u00e8s aux chercheurs et aux \u00e9tudiants, tout en valorisant ce patrimoine. Cependant, malgr\u00e9 la qualit\u00e9 des travaux produits, le laboratoire fait face \u00e0 un manque de&nbsp;financement, les budgets universitaires privil\u00e9giant souvent l&#8217;enseignement au d\u00e9triment de la&nbsp;recherche.<\/p>\n\n\n\n<p><strong>Des recherches vari\u00e9es au service de la soci\u00e9t\u00e9<\/strong><\/p>\n\n\n\n<p>La visite s&#8217;est poursuivie aux d\u00e9partements de&nbsp;Sciences humaines&nbsp;et des&nbsp;Langues et civilisations qui&nbsp;\u00e9tudient les dynamiques sociales (genre, linguistique, litt\u00e9rature orale, religion, s\u00e9curit\u00e9), au moment o\u00f9 les&nbsp;arch\u00e9ologues&nbsp;conservent des vestiges prouvant une occupation humaine mill\u00e9naire. En&nbsp;g\u00e9ographie, l&#8217;accent est surtout mis sur l&#8217;analyse des territoires via la g\u00e9omatique. Enfin, le laboratoire de&nbsp;biologie marine&nbsp;joue un r\u00f4le crucial dans la gestion des ressources halieutiques et l&#8217;\u00e9tude environnementale, notamment sur la pollution aux&nbsp;microplastiques&nbsp;en collaboration internationale.<\/p>\n\n\n\n<p><strong>Les insectes, un maillon essentiel de la biodiversit\u00e9<\/strong><\/p>\n\n\n\n<p>Le d\u00e9partement de\u00a0<a href=\"https:\/\/ifan.ucad.sn\/biologie-animale\/\" data-type=\"page\" data-id=\"54\">Biologie Animale<\/a>\u00a0explore le r\u00f4le \u00e9cologique crucial des invert\u00e9br\u00e9s (insectes, termites) et \u00e9tudie leur\u00a0valorisation \u00e9conomique, notamment pour l&#8217;alimentation animale. En parall\u00e8le, les recherches sur les\u00a0vert\u00e9br\u00e9s terrestres\u00a0se concentrent sur les interactions faune-homme-environnement.\u00a0<\/p>\n\n\n\n<p>La visite s&#8217;est achev\u00e9e par le\u00a0<a href=\"https:\/\/ifan.ucad.sn\/biologie-animale-le-laboratoire-de-traitement-des-eaux-usees\/\" data-type=\"page\" data-id=\"1172\">laboratoire de traitement des eaux<\/a>, qui s\u2019int\u00e9resse sur les qualit\u00e9s des eaux et de l\u2019environnement, est aussi en qu\u00eate d&#8217;une accr\u00e9ditation internationale. Le\u00a0l<a href=\"https:\/\/ifan.ucad.sn\/carbone-14\/\" data-type=\"page\" data-id=\"341\">aboratoire Carbone 14<\/a> est h\u00e9ritier des travaux de\u00a0Cheikh Anta Diop, reste un pilier scientifique majeur malgr\u00e9 des\u00a0contraintes d&#8217;infrastructure\u00a0qui freinent son d\u00e9veloppement.<\/p>\n\n\n\n<p><strong>Des doyens \u00e9merveill\u00e9s par la richesse de l\u2019IFAN<\/strong><\/p>\n\n\n\n<p>Les doyens, impressionn\u00e9s par la diversit\u00e9 insoup\u00e7onn\u00e9e des recherches et des collections de l&#8217;IFAN, ont salu\u00e9 le travail des \u00e9quipes. Malgr\u00e9 des ressources limit\u00e9es, le&nbsp;Pr Matar Ndiaye&nbsp;a f\u00e9licit\u00e9 l&#8217;engagement des chercheurs et a appel\u00e9 les doyens \u00e0 devenir des&nbsp;plaideurs institutionnels&nbsp;pour mobiliser davantage de soutiens en faveur de la recherche et de la pr\u00e9servation du patrimoine africain.<\/p>\n\n\n\n<div class=\"wp-block-envira-envira-gallery\"><div id=\"envira-gallery-wrap-8823\" class=\"envira-gallery-wrap envira-gallery-theme-base envira-lightbox-theme-base\" itemscope itemtype=\"https:\/\/schema.org\/ImageGallery\"><div data-row-height=\"\" data-gallery-theme=\"\" id=\"envira-gallery-8823\" class=\"envira-gallery-public  envira-gallery-3-columns envira-clear enviratope envira-gallery-css-animations\" data-envira-columns=\"3\"><div id=\"envira-gallery-item-8819\" class=\"envira-gallery-item enviratope-item envira-gallery-item-1 envira-lazy-load\" style=\"padding-left: 5px; padding-bottom: 10px; padding-right: 5px;\"  itemscope itemtype=\"https:\/\/schema.org\/ImageObject\"><div class=\"envira-gallery-item-inner\"><div class=\"envira-gallery-position-overlay  envira-gallery-top-left\"><\/div><div class=\"envira-gallery-position-overlay  envira-gallery-top-right\"><\/div><div class=\"envira-gallery-position-overlay  envira-gallery-bottom-left\"><\/div><div class=\"envira-gallery-position-overlay  envira-gallery-bottom-right\"><\/div><a href=\"https:\/\/ifan.ucad.sn\/wp-content\/uploads\/2026\/03\/DSC02039-1024x683.jpg\" class=\"envira-gallery-8823 envira-gallery-link\" rel=\"enviragallery8823\" title=\"DSC02039-1024x683\" data-envira-caption=\"DSC02039-1024x683\" data-envira-retina=\"\" data-thumbnail=\"\"  itemprop=\"contentUrl\"><div class=\"envira-lazy\" data-test-width=\"640\" data-test-height=\"480\" style=\"padding-bottom:75%;\"><img decoding=\"async\" id=\"envira-gallery-image-8819\" class=\"envira-gallery-image envira-gallery-image-1\" data-envira-index=\"1\" src=\"https:\/\/ifan.ucad.sn\/wp-content\/uploads\/2026\/03\/DSC02039-1024x683.jpg\" data-envira-src=\"https:\/\/ifan.ucad.sn\/wp-content\/uploads\/2026\/03\/DSC02039-1024x683.jpg\" data-envira-gallery-id=\"8823\" data-envira-item-id=\"8819\" data-envira-caption=\"DSC02039-1024x683\" alt=\"\" title=\"DSC02039-1024x683\"  itemprop=\"thumbnailUrl\" data-envira-srcset=\"https:\/\/ifan.ucad.sn\/wp-content\/uploads\/2026\/03\/DSC02039-1024x683.jpg 400w,https:\/\/ifan.ucad.sn\/wp-content\/uploads\/2026\/03\/DSC02039-1024x683.jpg 2x\" srcset=\"data:image\/gif;base64,R0lGODlhAQABAIAAAP\/\/\/\/\/\/\/yH5BAEKAAEALAAAAAABAAEAAAICTAEAOw==\" \/><\/div><\/a><\/div><\/div><div id=\"envira-gallery-item-8818\" class=\"envira-gallery-item enviratope-item envira-gallery-item-2 envira-lazy-load\" style=\"padding-left: 5px; padding-bottom: 10px; padding-right: 5px;\"  itemscope itemtype=\"https:\/\/schema.org\/ImageObject\"><div class=\"envira-gallery-item-inner\"><div class=\"envira-gallery-position-overlay  envira-gallery-top-left\"><\/div><div class=\"envira-gallery-position-overlay  envira-gallery-top-right\"><\/div><div class=\"envira-gallery-position-overlay  envira-gallery-bottom-left\"><\/div><div class=\"envira-gallery-position-overlay  envira-gallery-bottom-right\"><\/div><a href=\"https:\/\/ifan.ucad.sn\/wp-content\/uploads\/2026\/03\/DSC02020-1024x683.jpg\" class=\"envira-gallery-8823 envira-gallery-link\" rel=\"enviragallery8823\" title=\"DSC02020-1024x683\" data-envira-caption=\"DSC02020-1024x683\" data-envira-retina=\"\" data-thumbnail=\"\"  itemprop=\"contentUrl\"><div class=\"envira-lazy\" data-test-width=\"640\" data-test-height=\"480\" style=\"padding-bottom:75%;\"><img decoding=\"async\" id=\"envira-gallery-image-8818\" class=\"envira-gallery-image envira-gallery-image-2\" data-envira-index=\"2\" src=\"https:\/\/ifan.ucad.sn\/wp-content\/uploads\/2026\/03\/DSC02020-1024x683.jpg\" data-envira-src=\"https:\/\/ifan.ucad.sn\/wp-content\/uploads\/2026\/03\/DSC02020-1024x683.jpg\" data-envira-gallery-id=\"8823\" data-envira-item-id=\"8818\" data-envira-caption=\"DSC02020-1024x683\" alt=\"\" title=\"DSC02020-1024x683\"  itemprop=\"thumbnailUrl\" data-envira-srcset=\"https:\/\/ifan.ucad.sn\/wp-content\/uploads\/2026\/03\/DSC02020-1024x683.jpg 400w,https:\/\/ifan.ucad.sn\/wp-content\/uploads\/2026\/03\/DSC02020-1024x683.jpg 2x\" srcset=\"data:image\/gif;base64,R0lGODlhAQABAIAAAP\/\/\/\/\/\/\/yH5BAEKAAEALAAAAAABAAEAAAICTAEAOw==\" \/><\/div><\/a><\/div><\/div><div id=\"envira-gallery-item-8817\" class=\"envira-gallery-item enviratope-item envira-gallery-item-3 envira-lazy-load\" style=\"padding-left: 5px; padding-bottom: 10px; padding-right: 5px;\"  itemscope itemtype=\"https:\/\/schema.org\/ImageObject\"><div class=\"envira-gallery-item-inner\"><div class=\"envira-gallery-position-overlay  envira-gallery-top-left\"><\/div><div class=\"envira-gallery-position-overlay  envira-gallery-top-right\"><\/div><div class=\"envira-gallery-position-overlay  envira-gallery-bottom-left\"><\/div><div class=\"envira-gallery-position-overlay  envira-gallery-bottom-right\"><\/div><a href=\"https:\/\/ifan.ucad.sn\/wp-content\/uploads\/2026\/03\/DSC01861-1024x683.jpg\" class=\"envira-gallery-8823 envira-gallery-link\" rel=\"enviragallery8823\" title=\"DSC01861-1024x683\" data-envira-caption=\"DSC01861-1024x683\" data-envira-retina=\"\" data-thumbnail=\"\"  itemprop=\"contentUrl\"><div class=\"envira-lazy\" data-test-width=\"640\" data-test-height=\"480\" style=\"padding-bottom:75%;\"><img decoding=\"async\" id=\"envira-gallery-image-8817\" class=\"envira-gallery-image envira-gallery-image-3\" data-envira-index=\"3\" src=\"https:\/\/ifan.ucad.sn\/wp-content\/uploads\/2026\/03\/DSC01861-1024x683.jpg\" data-envira-src=\"https:\/\/ifan.ucad.sn\/wp-content\/uploads\/2026\/03\/DSC01861-1024x683.jpg\" data-envira-gallery-id=\"8823\" data-envira-item-id=\"8817\" data-envira-caption=\"DSC01861-1024x683\" alt=\"\" title=\"DSC01861-1024x683\"  itemprop=\"thumbnailUrl\" data-envira-srcset=\"https:\/\/ifan.ucad.sn\/wp-content\/uploads\/2026\/03\/DSC01861-1024x683.jpg 400w,https:\/\/ifan.ucad.sn\/wp-content\/uploads\/2026\/03\/DSC01861-1024x683.jpg 2x\" srcset=\"data:image\/gif;base64,R0lGODlhAQABAIAAAP\/\/\/\/\/\/\/yH5BAEKAAEALAAAAAABAAEAAAICTAEAOw==\" \/><\/div><\/a><\/div><\/div><div id=\"envira-gallery-item-8816\" class=\"envira-gallery-item enviratope-item envira-gallery-item-4 envira-lazy-load\" style=\"padding-left: 5px; padding-bottom: 10px; padding-right: 5px;\"  itemscope itemtype=\"https:\/\/schema.org\/ImageObject\"><div class=\"envira-gallery-item-inner\"><div class=\"envira-gallery-position-overlay  envira-gallery-top-left\"><\/div><div class=\"envira-gallery-position-overlay  envira-gallery-top-right\"><\/div><div class=\"envira-gallery-position-overlay  envira-gallery-bottom-left\"><\/div><div class=\"envira-gallery-position-overlay  envira-gallery-bottom-right\"><\/div><a href=\"https:\/\/ifan.ucad.sn\/wp-content\/uploads\/2026\/03\/DSC01819-1024x683.jpg\" class=\"envira-gallery-8823 envira-gallery-link\" rel=\"enviragallery8823\" title=\"DSC01819-1024x683\" data-envira-caption=\"DSC01819-1024x683\" data-envira-retina=\"\" data-thumbnail=\"\"  itemprop=\"contentUrl\"><div class=\"envira-lazy\" data-test-width=\"640\" data-test-height=\"480\" style=\"padding-bottom:75%;\"><img decoding=\"async\" id=\"envira-gallery-image-8816\" class=\"envira-gallery-image envira-gallery-image-4\" data-envira-index=\"4\" src=\"https:\/\/ifan.ucad.sn\/wp-content\/uploads\/2026\/03\/DSC01819-1024x683.jpg\" data-envira-src=\"https:\/\/ifan.ucad.sn\/wp-content\/uploads\/2026\/03\/DSC01819-1024x683.jpg\" data-envira-gallery-id=\"8823\" data-envira-item-id=\"8816\" data-envira-caption=\"DSC01819-1024x683\" alt=\"\" title=\"DSC01819-1024x683\"  itemprop=\"thumbnailUrl\" data-envira-srcset=\"https:\/\/ifan.ucad.sn\/wp-content\/uploads\/2026\/03\/DSC01819-1024x683.jpg 400w,https:\/\/ifan.ucad.sn\/wp-content\/uploads\/2026\/03\/DSC01819-1024x683.jpg 2x\" srcset=\"data:image\/gif;base64,R0lGODlhAQABAIAAAP\/\/\/\/\/\/\/yH5BAEKAAEALAAAAAABAAEAAAICTAEAOw==\" \/><\/div><\/a><\/div><\/div><\/div><\/div><noscript><img decoding=\"async\" src=\"https:\/\/ifan.ucad.sn\/wp-content\/uploads\/2026\/03\/DSC02039-scaled.jpg\" alt=\"\" \/><img decoding=\"async\" src=\"https:\/\/ifan.ucad.sn\/wp-content\/uploads\/2026\/03\/DSC02020-scaled.jpg\" alt=\"\" \/><img decoding=\"async\" src=\"https:\/\/ifan.ucad.sn\/wp-content\/uploads\/2026\/03\/DSC01861-scaled.jpg\" alt=\"\" \/><img decoding=\"async\" src=\"https:\/\/ifan.ucad.sn\/wp-content\/uploads\/2026\/03\/DSC01819-scaled.jpg\" alt=\"\" \/><\/noscript><\/div>\n","protected":false},"excerpt":{"rendered":"<p>\u00c0 l\u2019initiative du Directeur de l\u2019Institut fondamental d\u2019Afrique noire Cheikh Anta Diop (IFAN), une visite a \u00e9t\u00e9 organis\u00e9e \u00e0 l\u2019intention des doyens de facult\u00e9s et chefs d\u2019\u00e9tablissement de l&#8217;UCAD&#8230;<\/p>\n","protected":false},"author":1,"featured_media":8813,"comment_status":"open","ping_status":"open","sticky":false,"template":"","format":"standard","meta":{"_monsterinsights_skip_tracking":false,"_monsterinsights_sitenote_active":false,"_monsterinsights_sitenote_note":"","_monsterinsights_sitenote_category":0,"footnotes":""},"categories":[1],"tags":[],"class_list":["post-8812","post","type-post","status-publish","format-standard","has-post-thumbnail","hentry","category-non-classe"],"_links":{"self":[{"href":"https:\/\/ifan.ucad.sn\/en\/wp-json\/wp\/v2\/posts\/8812","targetHints":{"allow":["GET"]}}],"collection":[{"href":"https:\/\/ifan.ucad.sn\/en\/wp-json\/wp\/v2\/posts"}],"about":[{"href":"https:\/\/ifan.ucad.sn\/en\/wp-json\/wp\/v2\/types\/post"}],"author":[{"embeddable":true,"href":"https:\/\/ifan.ucad.sn\/en\/wp-json\/wp\/v2\/users\/1"}],"replies":[{"embeddable":true,"href":"https:\/\/ifan.ucad.sn\/en\/wp-json\/wp\/v2\/comments?post=8812"}],"version-history":[{"count":5,"href":"https:\/\/ifan.ucad.sn\/en\/wp-json\/wp\/v2\/posts\/8812\/revisions"}],"predecessor-version":[{"id":8826,"href":"https:\/\/ifan.ucad.sn\/en\/wp-json\/wp\/v2\/posts\/8812\/revisions\/8826"}],"wp:featuredmedia":[{"embeddable":true,"href":"https:\/\/ifan.ucad.sn\/en\/wp-json\/wp\/v2\/media\/8813"}],"wp:attachment":[{"href":"https:\/\/ifan.ucad.sn\/en\/wp-json\/wp\/v2\/media?parent=8812"}],"wp:term":[{"taxonomy":"category","embeddable":true,"href":"https:\/\/ifan.ucad.sn\/en\/wp-json\/wp\/v2\/categories?post=8812"},{"taxonomy":"post_tag","embeddable":true,"href":"https:\/\/ifan.ucad.sn\/en\/wp-json\/wp\/v2\/tags?post=8812"}],"curies":[{"name":"wp","href":"https:\/\/api.w.org\/{rel}","templated":true}]}}