{"id":8953,"date":"2026-04-30T13:52:53","date_gmt":"2026-04-30T11:52:53","guid":{"rendered":"https:\/\/ifan.ucad.sn\/?p=8953"},"modified":"2026-04-30T14:02:04","modified_gmt":"2026-04-30T12:02:04","slug":"la-pensee-geographique-du-pr-cheikh-ba-de-khadimou-rassoul-a-lafricanisation-des-savoirs","status":"publish","type":"post","link":"https:\/\/ifan.ucad.sn\/en\/la-pensee-geographique-du-pr-cheikh-ba-de-khadimou-rassoul-a-lafricanisation-des-savoirs\/","title":{"rendered":"La pens\u00e9e g\u00e9ographique du Pr Cheikh Ba : de Khadimou Rassoul \u00e0 l\u2019africanisation des savoirs"},"content":{"rendered":"\n<p>La biblioth\u00e8que universitaire a servi de cadre \u00e0 une r\u00e9flexion sur l\u2019\u0153uvre du <strong>Pr Cheikh Ba<\/strong>, figure importante de la g\u00e9ographie s\u00e9n\u00e9galaise. Entre t\u00e9moignage spatio spirituel et projet acad\u00e9mique d\u00e9colonial, cette rencontre a \u00e9t\u00e9 mod\u00e9r\u00e9e par le <strong>Pr Matar Ndiaye<\/strong>, directeur de l\u2019Institut fondamental d\u2019Afrique noire Cheikh Anta Diop (IFAN Ch. A. Diop)..<\/p>\n\n\n\n<p>Le premier ouvrage, <em>Serigne Touba Khadim Rassoul : la source profitable \u00e0 la lumi\u00e8re de la g\u00e9ographie<\/em>, met en lumi\u00e8re la <strong>\u00ab\u202fspatialit\u00e9\u202f\u00bb<\/strong> de l\u2019\u0153uvre de <strong>Cheikh Ahmadou Bamba<\/strong>.<br>Selon le Pr Matar Ndiaye, le concept de <em>Khitma<\/em> (\u00eatre au service) s\u2019inscrit dans une g\u00e9ographie de l\u2019\u00e9preuve, o\u00f9 la difficult\u00e9 devient une ressource et un moteur de transformation spirituelle.<\/p>\n\n\n\n<p>Du s\u00e9jour \u00e0 <strong>Thi\u00e9y\u00e8ne<\/strong> \u00e0 l\u2019ancrage de la <strong>Mouridiyya<\/strong> dans l\u2019espace s\u00e9n\u00e9gambien, la g\u00e9ographie ne se contente pas de d\u00e9crire les lieux\u202f: elle devient un support, mais aussi un t\u00e9moin de la mission du Cheikh. Cet ouvrage montre comment la mobilit\u00e9, dans des environnements multiples, conf\u00e8re un sens nouveau aux concepts et aux m\u00e9thodes g\u00e9ographiques, tout en int\u00e9grant des dimensions religieuses et sociales.<\/p>\n\n\n\n<p>Pr\u00e9faci\u00e8re de l\u2019ouvrage, le <strong>Pr Aminata Niang Di\u00e8ne<\/strong> a salu\u00e9 la facilitation de l\u2019acc\u00e8s aux archives de Touba, rendue possible gr\u00e2ce au soutien de l\u2019actuel directeur de l\u2019IFAN Ch. A. Diop, le <strong>Pr Matar Ndiaye<\/strong>.<\/p>\n\n\n\n<p>Le second ouvrage, <em>D\u00e9colonisation des savoirs et africanisation de la g\u00e9ographie : sur les traces du Pr Cheikh Ba<\/em>, dirig\u00e9 par le <strong>Pr Mamadou Bouna Tim\u00e9ra<\/strong>, s\u2019inscrit \u00e9galement dans la continuit\u00e9 intellectuelle du Pr Cheikh Ba. Il int\u00e9rroge la d\u00e9colonisation des savoirs et de l\u2019africanisation de la g\u00e9ographie.<\/p>\n\n\n\n<p>Ce travail&nbsp; invite \u00e0 repenser l\u2019am\u00e9nagement du territoire, \u00e0 tirer des enseignements des pratiques locales et \u00e0 investir de nouveaux champs de recherche ainsi que des objets d\u2019\u00e9tude endog\u00e8nes.<\/p>\n\n\n\n<p>En explorant&nbsp; les traces du Pr Cheikh Ba, universitaire \u00e9m\u00e9rite et&nbsp; son projet scientifique sur Serigne Touba , ces travaux d\u00e9montrent que l\u2019espace africain n\u2019est pas qu\u2019une simple donn\u00e9e physique, il est le r\u00e9ceptacle d\u2019une histoire intellectuelle et spirituelle qu\u2019il appartient aux chercheurs actuels de documenter, d\u2019analyser et de valoriser.<\/p>\n\n\n\n<div class=\"wp-block-envira-envira-gallery\"><div id=\"envira-gallery-wrap-8962\" class=\"envira-gallery-wrap envira-gallery-theme-base envira-lightbox-theme-base\" itemscope itemtype=\"https:\/\/schema.org\/ImageGallery\"><div data-row-height=\"150\" data-gallery-theme=\"normal\" id=\"envira-gallery-8962\" class=\"envira-gallery-public envira-gallery-justified-public envira-gallery-0-columns envira-clear enviratope envira-gallery-css-animations\" data-envira-columns=\"0\"><div id=\"envira-gallery-item-8955\" class=\"envira-gallery-item enviratope-item envira-gallery-item-1 envira-lazy-load\" style=\"padding-left: 1px; padding-bottom: 1px; padding-right: 1px;\"  itemscope itemtype=\"https:\/\/schema.org\/ImageObject\"><div class=\"envira-gallery-item-inner\"><div class=\"envira-gallery-position-overlay  envira-gallery-top-left\"><\/div><div class=\"envira-gallery-position-overlay  envira-gallery-top-right\"><\/div><div class=\"envira-gallery-position-overlay  envira-gallery-bottom-left\"><\/div><div class=\"envira-gallery-position-overlay  envira-gallery-bottom-right\"><\/div><a href=\"https:\/\/ifan.ucad.sn\/wp-content\/uploads\/2026\/04\/pensee-geographique-du-pr-cheikh-ba-2-scaled.jpg\" class=\"envira-gallery-8962 envira-gallery-link\" rel=\"enviragallery8962\" title=\"pensee-geographique-du-pr-cheikh-ba-2\" data-envira-caption=\"pensee-geographique-du-pr-cheikh-ba-2\" data-envira-retina=\"\" data-thumbnail=\"\"  itemprop=\"contentUrl\"><img decoding=\"async\" id=\"envira-gallery-image-8955\" class=\"envira-gallery-image envira-gallery-image-1 envira-normal envira-lazy\" data-envira-index=\"1\" src=\"https:\/\/ifan.ucad.sn\/wp-content\/uploads\/2026\/04\/pensee-geographique-du-pr-cheikh-ba-2-1024x683.jpg\" data-envira-src=\"https:\/\/ifan.ucad.sn\/wp-content\/uploads\/2026\/04\/pensee-geographique-du-pr-cheikh-ba-2-1024x683.jpg\" data-envira-gallery-id=\"8962\" data-envira-item-id=\"8955\" data-envira-caption=\"pensee-geographique-du-pr-cheikh-ba-2\" alt=\"\" title=\"pensee-geographique-du-pr-cheikh-ba-2\"  itemprop=\"thumbnailUrl\" data-envira-srcset=\"https:\/\/ifan.ucad.sn\/wp-content\/uploads\/2026\/04\/pensee-geographique-du-pr-cheikh-ba-2-1024x683.jpg 400w,https:\/\/ifan.ucad.sn\/wp-content\/uploads\/2026\/04\/pensee-geographique-du-pr-cheikh-ba-2-1024x683.jpg 2x\" data-envira-width=\"300\" data-envira-height=\"200\" srcset=\"data:image\/gif;base64,R0lGODlhAQABAIAAAP\/\/\/\/\/\/\/yH5BAEKAAEALAAAAAABAAEAAAICTAEAOw==\" data-safe-src=\"data:image\/gif;base64,R0lGODlhAQABAIAAAP\/\/\/\/\/\/\/yH5BAEKAAEALAAAAAABAAEAAAICTAEAOw==\" \/><\/a><\/div><\/div><div id=\"envira-gallery-item-8956\" class=\"envira-gallery-item enviratope-item envira-gallery-item-2 envira-lazy-load\" style=\"padding-left: 1px; padding-bottom: 1px; padding-right: 1px;\"  itemscope itemtype=\"https:\/\/schema.org\/ImageObject\"><div class=\"envira-gallery-item-inner\"><div class=\"envira-gallery-position-overlay  envira-gallery-top-left\"><\/div><div class=\"envira-gallery-position-overlay  envira-gallery-top-right\"><\/div><div class=\"envira-gallery-position-overlay  envira-gallery-bottom-left\"><\/div><div class=\"envira-gallery-position-overlay  envira-gallery-bottom-right\"><\/div><a href=\"https:\/\/ifan.ucad.sn\/wp-content\/uploads\/2026\/04\/pensee-geographique-du-pr-cheikh-ba3-scaled.jpg\" class=\"envira-gallery-8962 envira-gallery-link\" rel=\"enviragallery8962\" title=\"pensee-geographique-du-pr-cheikh-ba3\" data-envira-caption=\"pensee-geographique-du-pr-cheikh-ba3\" data-envira-retina=\"\" data-thumbnail=\"\"  itemprop=\"contentUrl\"><img decoding=\"async\" id=\"envira-gallery-image-8956\" class=\"envira-gallery-image envira-gallery-image-2 envira-normal envira-lazy\" data-envira-index=\"2\" src=\"https:\/\/ifan.ucad.sn\/wp-content\/uploads\/2026\/04\/pensee-geographique-du-pr-cheikh-ba3-1024x683.jpg\" data-envira-src=\"https:\/\/ifan.ucad.sn\/wp-content\/uploads\/2026\/04\/pensee-geographique-du-pr-cheikh-ba3-1024x683.jpg\" data-envira-gallery-id=\"8962\" data-envira-item-id=\"8956\" data-envira-caption=\"pensee-geographique-du-pr-cheikh-ba3\" alt=\"\" title=\"pensee-geographique-du-pr-cheikh-ba3\"  itemprop=\"thumbnailUrl\" data-envira-srcset=\"https:\/\/ifan.ucad.sn\/wp-content\/uploads\/2026\/04\/pensee-geographique-du-pr-cheikh-ba3-1024x683.jpg 400w,https:\/\/ifan.ucad.sn\/wp-content\/uploads\/2026\/04\/pensee-geographique-du-pr-cheikh-ba3-1024x683.jpg 2x\" data-envira-width=\"300\" data-envira-height=\"200\" srcset=\"data:image\/gif;base64,R0lGODlhAQABAIAAAP\/\/\/\/\/\/\/yH5BAEKAAEALAAAAAABAAEAAAICTAEAOw==\" data-safe-src=\"data:image\/gif;base64,R0lGODlhAQABAIAAAP\/\/\/\/\/\/\/yH5BAEKAAEALAAAAAABAAEAAAICTAEAOw==\" \/><\/a><\/div><\/div><div id=\"envira-gallery-item-8959\" class=\"envira-gallery-item enviratope-item envira-gallery-item-3 envira-lazy-load\" style=\"padding-left: 1px; padding-bottom: 1px; padding-right: 1px;\"  itemscope itemtype=\"https:\/\/schema.org\/ImageObject\"><div class=\"envira-gallery-item-inner\"><div class=\"envira-gallery-position-overlay  envira-gallery-top-left\"><\/div><div class=\"envira-gallery-position-overlay  envira-gallery-top-right\"><\/div><div class=\"envira-gallery-position-overlay  envira-gallery-bottom-left\"><\/div><div class=\"envira-gallery-position-overlay  envira-gallery-bottom-right\"><\/div><a href=\"https:\/\/ifan.ucad.sn\/wp-content\/uploads\/2026\/04\/pensee-geographique-du-pr-cheikh-ba-4-scaled.jpg\" class=\"envira-gallery-8962 envira-gallery-link\" rel=\"enviragallery8962\" title=\"pensee-geographique-du-pr-cheikh-ba-4\" data-envira-caption=\"pensee-geographique-du-pr-cheikh-ba-4\" data-envira-retina=\"\" data-thumbnail=\"\"  itemprop=\"contentUrl\"><img decoding=\"async\" id=\"envira-gallery-image-8959\" class=\"envira-gallery-image envira-gallery-image-3 envira-normal envira-lazy\" data-envira-index=\"3\" src=\"https:\/\/ifan.ucad.sn\/wp-content\/uploads\/2026\/04\/pensee-geographique-du-pr-cheikh-ba-4-1024x683.jpg\" data-envira-src=\"https:\/\/ifan.ucad.sn\/wp-content\/uploads\/2026\/04\/pensee-geographique-du-pr-cheikh-ba-4-1024x683.jpg\" data-envira-gallery-id=\"8962\" data-envira-item-id=\"8959\" data-envira-caption=\"pensee-geographique-du-pr-cheikh-ba-4\" alt=\"\" title=\"pensee-geographique-du-pr-cheikh-ba-4\"  itemprop=\"thumbnailUrl\" data-envira-srcset=\"https:\/\/ifan.ucad.sn\/wp-content\/uploads\/2026\/04\/pensee-geographique-du-pr-cheikh-ba-4-1024x683.jpg 400w,https:\/\/ifan.ucad.sn\/wp-content\/uploads\/2026\/04\/pensee-geographique-du-pr-cheikh-ba-4-1024x683.jpg 2x\" data-envira-width=\"300\" data-envira-height=\"200\" srcset=\"data:image\/gif;base64,R0lGODlhAQABAIAAAP\/\/\/\/\/\/\/yH5BAEKAAEALAAAAAABAAEAAAICTAEAOw==\" data-safe-src=\"data:image\/gif;base64,R0lGODlhAQABAIAAAP\/\/\/\/\/\/\/yH5BAEKAAEALAAAAAABAAEAAAICTAEAOw==\" \/><\/a><\/div><\/div><div id=\"envira-gallery-item-8960\" class=\"envira-gallery-item enviratope-item envira-gallery-item-4 envira-lazy-load\" style=\"padding-left: 1px; padding-bottom: 1px; padding-right: 1px;\"  itemscope itemtype=\"https:\/\/schema.org\/ImageObject\"><div class=\"envira-gallery-item-inner\"><div class=\"envira-gallery-position-overlay  envira-gallery-top-left\"><\/div><div class=\"envira-gallery-position-overlay  envira-gallery-top-right\"><\/div><div class=\"envira-gallery-position-overlay  envira-gallery-bottom-left\"><\/div><div class=\"envira-gallery-position-overlay  envira-gallery-bottom-right\"><\/div><a href=\"https:\/\/ifan.ucad.sn\/wp-content\/uploads\/2026\/04\/pensee-geographique-du-pr-cheikh-ba-5-scaled.jpg\" class=\"envira-gallery-8962 envira-gallery-link\" rel=\"enviragallery8962\" title=\"pensee-geographique-du-pr-cheikh-ba-5\" data-envira-caption=\"pensee-geographique-du-pr-cheikh-ba-5\" data-envira-retina=\"\" data-thumbnail=\"\"  itemprop=\"contentUrl\"><img decoding=\"async\" id=\"envira-gallery-image-8960\" class=\"envira-gallery-image envira-gallery-image-4 envira-normal envira-lazy\" data-envira-index=\"4\" src=\"https:\/\/ifan.ucad.sn\/wp-content\/uploads\/2026\/04\/pensee-geographique-du-pr-cheikh-ba-5-1024x683.jpg\" data-envira-src=\"https:\/\/ifan.ucad.sn\/wp-content\/uploads\/2026\/04\/pensee-geographique-du-pr-cheikh-ba-5-1024x683.jpg\" data-envira-gallery-id=\"8962\" data-envira-item-id=\"8960\" data-envira-caption=\"pensee-geographique-du-pr-cheikh-ba-5\" alt=\"\" title=\"pensee-geographique-du-pr-cheikh-ba-5\"  itemprop=\"thumbnailUrl\" data-envira-srcset=\"https:\/\/ifan.ucad.sn\/wp-content\/uploads\/2026\/04\/pensee-geographique-du-pr-cheikh-ba-5-1024x683.jpg 400w,https:\/\/ifan.ucad.sn\/wp-content\/uploads\/2026\/04\/pensee-geographique-du-pr-cheikh-ba-5-1024x683.jpg 2x\" data-envira-width=\"300\" data-envira-height=\"200\" srcset=\"data:image\/gif;base64,R0lGODlhAQABAIAAAP\/\/\/\/\/\/\/yH5BAEKAAEALAAAAAABAAEAAAICTAEAOw==\" data-safe-src=\"data:image\/gif;base64,R0lGODlhAQABAIAAAP\/\/\/\/\/\/\/yH5BAEKAAEALAAAAAABAAEAAAICTAEAOw==\" \/><\/a><\/div><\/div><div id=\"envira-gallery-item-8957\" class=\"envira-gallery-item enviratope-item envira-gallery-item-5 envira-lazy-load\" style=\"padding-left: 1px; padding-bottom: 1px; padding-right: 1px;\"  itemscope itemtype=\"https:\/\/schema.org\/ImageObject\"><div class=\"envira-gallery-item-inner\"><div class=\"envira-gallery-position-overlay  envira-gallery-top-left\"><\/div><div class=\"envira-gallery-position-overlay  envira-gallery-top-right\"><\/div><div class=\"envira-gallery-position-overlay  envira-gallery-bottom-left\"><\/div><div class=\"envira-gallery-position-overlay  envira-gallery-bottom-right\"><\/div><a href=\"https:\/\/ifan.ucad.sn\/wp-content\/uploads\/2026\/04\/pensee-geographique-du-pr-cheikh-ba-6-scaled.jpg\" class=\"envira-gallery-8962 envira-gallery-link\" rel=\"enviragallery8962\" title=\"pensee-geographique-du-pr-cheikh-ba-6\" data-envira-caption=\"pensee-geographique-du-pr-cheikh-ba-6\" data-envira-retina=\"\" data-thumbnail=\"\"  itemprop=\"contentUrl\"><img decoding=\"async\" id=\"envira-gallery-image-8957\" class=\"envira-gallery-image envira-gallery-image-5 envira-normal envira-lazy\" data-envira-index=\"5\" src=\"https:\/\/ifan.ucad.sn\/wp-content\/uploads\/2026\/04\/pensee-geographique-du-pr-cheikh-ba-6-1024x683.jpg\" data-envira-src=\"https:\/\/ifan.ucad.sn\/wp-content\/uploads\/2026\/04\/pensee-geographique-du-pr-cheikh-ba-6-1024x683.jpg\" data-envira-gallery-id=\"8962\" data-envira-item-id=\"8957\" data-envira-caption=\"pensee-geographique-du-pr-cheikh-ba-6\" alt=\"\" title=\"pensee-geographique-du-pr-cheikh-ba-6\"  itemprop=\"thumbnailUrl\" data-envira-srcset=\"https:\/\/ifan.ucad.sn\/wp-content\/uploads\/2026\/04\/pensee-geographique-du-pr-cheikh-ba-6-1024x683.jpg 400w,https:\/\/ifan.ucad.sn\/wp-content\/uploads\/2026\/04\/pensee-geographique-du-pr-cheikh-ba-6-1024x683.jpg 2x\" data-envira-width=\"300\" data-envira-height=\"200\" srcset=\"data:image\/gif;base64,R0lGODlhAQABAIAAAP\/\/\/\/\/\/\/yH5BAEKAAEALAAAAAABAAEAAAICTAEAOw==\" data-safe-src=\"data:image\/gif;base64,R0lGODlhAQABAIAAAP\/\/\/\/\/\/\/yH5BAEKAAEALAAAAAABAAEAAAICTAEAOw==\" \/><\/a><\/div><\/div><div id=\"envira-gallery-item-8958\" class=\"envira-gallery-item enviratope-item envira-gallery-item-6 envira-lazy-load\" style=\"padding-left: 1px; padding-bottom: 1px; padding-right: 1px;\"  itemscope itemtype=\"https:\/\/schema.org\/ImageObject\"><div class=\"envira-gallery-item-inner\"><div class=\"envira-gallery-position-overlay  envira-gallery-top-left\"><\/div><div class=\"envira-gallery-position-overlay  envira-gallery-top-right\"><\/div><div class=\"envira-gallery-position-overlay  envira-gallery-bottom-left\"><\/div><div class=\"envira-gallery-position-overlay  envira-gallery-bottom-right\"><\/div><a href=\"https:\/\/ifan.ucad.sn\/wp-content\/uploads\/2026\/04\/pensee-geographique-du-pr-cheikh-ba-7-scaled.jpg\" class=\"envira-gallery-8962 envira-gallery-link\" rel=\"enviragallery8962\" title=\"pensee-geographique-du-pr-cheikh-ba-7\" data-envira-caption=\"pensee-geographique-du-pr-cheikh-ba-7\" data-envira-retina=\"\" data-thumbnail=\"\"  itemprop=\"contentUrl\"><img decoding=\"async\" id=\"envira-gallery-image-8958\" class=\"envira-gallery-image envira-gallery-image-6 envira-normal envira-lazy\" data-envira-index=\"6\" src=\"https:\/\/ifan.ucad.sn\/wp-content\/uploads\/2026\/04\/pensee-geographique-du-pr-cheikh-ba-7-1024x683.jpg\" data-envira-src=\"https:\/\/ifan.ucad.sn\/wp-content\/uploads\/2026\/04\/pensee-geographique-du-pr-cheikh-ba-7-1024x683.jpg\" data-envira-gallery-id=\"8962\" data-envira-item-id=\"8958\" data-envira-caption=\"pensee-geographique-du-pr-cheikh-ba-7\" alt=\"\" title=\"pensee-geographique-du-pr-cheikh-ba-7\"  itemprop=\"thumbnailUrl\" data-envira-srcset=\"https:\/\/ifan.ucad.sn\/wp-content\/uploads\/2026\/04\/pensee-geographique-du-pr-cheikh-ba-7-1024x683.jpg 400w,https:\/\/ifan.ucad.sn\/wp-content\/uploads\/2026\/04\/pensee-geographique-du-pr-cheikh-ba-7-1024x683.jpg 2x\" data-envira-width=\"300\" data-envira-height=\"200\" srcset=\"data:image\/gif;base64,R0lGODlhAQABAIAAAP\/\/\/\/\/\/\/yH5BAEKAAEALAAAAAABAAEAAAICTAEAOw==\" data-safe-src=\"data:image\/gif;base64,R0lGODlhAQABAIAAAP\/\/\/\/\/\/\/yH5BAEKAAEALAAAAAABAAEAAAICTAEAOw==\" \/><\/a><\/div><\/div><div id=\"envira-gallery-item-8961\" class=\"envira-gallery-item enviratope-item envira-gallery-item-7 envira-lazy-load\" style=\"padding-left: 1px; padding-bottom: 1px; padding-right: 1px;\"  itemscope itemtype=\"https:\/\/schema.org\/ImageObject\"><div class=\"envira-gallery-item-inner\"><div class=\"envira-gallery-position-overlay  envira-gallery-top-left\"><\/div><div class=\"envira-gallery-position-overlay  envira-gallery-top-right\"><\/div><div class=\"envira-gallery-position-overlay  envira-gallery-bottom-left\"><\/div><div class=\"envira-gallery-position-overlay  envira-gallery-bottom-right\"><\/div><a href=\"https:\/\/ifan.ucad.sn\/wp-content\/uploads\/2026\/04\/pensee-geographique-du-pr-cheikh-ba-1-scaled.jpg\" class=\"envira-gallery-8962 envira-gallery-link\" rel=\"enviragallery8962\" title=\"pensee-geographique-du-pr-cheikh-ba-1\" data-envira-caption=\"pensee-geographique-du-pr-cheikh-ba-1\" data-envira-retina=\"\" data-thumbnail=\"\"  itemprop=\"contentUrl\"><img decoding=\"async\" id=\"envira-gallery-image-8961\" class=\"envira-gallery-image envira-gallery-image-7 envira-normal envira-lazy\" data-envira-index=\"7\" src=\"https:\/\/ifan.ucad.sn\/wp-content\/uploads\/2026\/04\/pensee-geographique-du-pr-cheikh-ba-1-1024x683.jpg\" data-envira-src=\"https:\/\/ifan.ucad.sn\/wp-content\/uploads\/2026\/04\/pensee-geographique-du-pr-cheikh-ba-1-1024x683.jpg\" data-envira-gallery-id=\"8962\" data-envira-item-id=\"8961\" data-envira-caption=\"pensee-geographique-du-pr-cheikh-ba-1\" alt=\"\" title=\"pensee-geographique-du-pr-cheikh-ba-1\"  itemprop=\"thumbnailUrl\" data-envira-srcset=\"https:\/\/ifan.ucad.sn\/wp-content\/uploads\/2026\/04\/pensee-geographique-du-pr-cheikh-ba-1-1024x683.jpg 400w,https:\/\/ifan.ucad.sn\/wp-content\/uploads\/2026\/04\/pensee-geographique-du-pr-cheikh-ba-1-1024x683.jpg 2x\" data-envira-width=\"300\" data-envira-height=\"200\" srcset=\"data:image\/gif;base64,R0lGODlhAQABAIAAAP\/\/\/\/\/\/\/yH5BAEKAAEALAAAAAABAAEAAAICTAEAOw==\" data-safe-src=\"data:image\/gif;base64,R0lGODlhAQABAIAAAP\/\/\/\/\/\/\/yH5BAEKAAEALAAAAAABAAEAAAICTAEAOw==\" \/><\/a><\/div><\/div><\/div><\/div><noscript><img decoding=\"async\" src=\"https:\/\/ifan.ucad.sn\/wp-content\/uploads\/2026\/04\/pensee-geographique-du-pr-cheikh-ba-2-scaled.jpg\" alt=\"\" \/><img decoding=\"async\" src=\"https:\/\/ifan.ucad.sn\/wp-content\/uploads\/2026\/04\/pensee-geographique-du-pr-cheikh-ba3-scaled.jpg\" alt=\"\" \/><img decoding=\"async\" src=\"https:\/\/ifan.ucad.sn\/wp-content\/uploads\/2026\/04\/pensee-geographique-du-pr-cheikh-ba-4-scaled.jpg\" alt=\"\" \/><img decoding=\"async\" src=\"https:\/\/ifan.ucad.sn\/wp-content\/uploads\/2026\/04\/pensee-geographique-du-pr-cheikh-ba-5-scaled.jpg\" alt=\"\" \/><img decoding=\"async\" src=\"https:\/\/ifan.ucad.sn\/wp-content\/uploads\/2026\/04\/pensee-geographique-du-pr-cheikh-ba-6-scaled.jpg\" alt=\"\" \/><img decoding=\"async\" src=\"https:\/\/ifan.ucad.sn\/wp-content\/uploads\/2026\/04\/pensee-geographique-du-pr-cheikh-ba-7-scaled.jpg\" alt=\"\" \/><img decoding=\"async\" src=\"https:\/\/ifan.ucad.sn\/wp-content\/uploads\/2026\/04\/pensee-geographique-du-pr-cheikh-ba-1-scaled.jpg\" alt=\"\" \/><\/noscript><\/div>\n","protected":false},"excerpt":{"rendered":"<p>La biblioth\u00e8que universitaire a servi de cadre \u00e0 une r\u00e9flexion sur l\u2019\u0153uvre du Pr Cheikh Ba, figure importante de la g\u00e9ographie s\u00e9n\u00e9galaise. Entre t\u00e9moignage spatio spirituel et projet acad\u00e9mique d\u00e9colonial, cette rencontre a \u00e9t\u00e9 mod\u00e9r\u00e9e par le Pr Matar Ndiaye[&#8230;]<\/p>\n","protected":false},"author":1,"featured_media":8954,"comment_status":"closed","ping_status":"open","sticky":false,"template":"","format":"standard","meta":{"_monsterinsights_skip_tracking":false,"_monsterinsights_sitenote_active":false,"_monsterinsights_sitenote_note":"","_monsterinsights_sitenote_category":0,"footnotes":""},"categories":[1],"tags":[],"class_list":["post-8953","post","type-post","status-publish","format-standard","has-post-thumbnail","hentry","category-non-classe"],"_links":{"self":[{"href":"https:\/\/ifan.ucad.sn\/en\/wp-json\/wp\/v2\/posts\/8953","targetHints":{"allow":["GET"]}}],"collection":[{"href":"https:\/\/ifan.ucad.sn\/en\/wp-json\/wp\/v2\/posts"}],"about":[{"href":"https:\/\/ifan.ucad.sn\/en\/wp-json\/wp\/v2\/types\/post"}],"author":[{"embeddable":true,"href":"https:\/\/ifan.ucad.sn\/en\/wp-json\/wp\/v2\/users\/1"}],"replies":[{"embeddable":true,"href":"https:\/\/ifan.ucad.sn\/en\/wp-json\/wp\/v2\/comments?post=8953"}],"version-history":[{"count":2,"href":"https:\/\/ifan.ucad.sn\/en\/wp-json\/wp\/v2\/posts\/8953\/revisions"}],"predecessor-version":[{"id":8965,"href":"https:\/\/ifan.ucad.sn\/en\/wp-json\/wp\/v2\/posts\/8953\/revisions\/8965"}],"wp:featuredmedia":[{"embeddable":true,"href":"https:\/\/ifan.ucad.sn\/en\/wp-json\/wp\/v2\/media\/8954"}],"wp:attachment":[{"href":"https:\/\/ifan.ucad.sn\/en\/wp-json\/wp\/v2\/media?parent=8953"}],"wp:term":[{"taxonomy":"category","embeddable":true,"href":"https:\/\/ifan.ucad.sn\/en\/wp-json\/wp\/v2\/categories?post=8953"},{"taxonomy":"post_tag","embeddable":true,"href":"https:\/\/ifan.ucad.sn\/en\/wp-json\/wp\/v2\/tags?post=8953"}],"curies":[{"name":"wp","href":"https:\/\/api.w.org\/{rel}","templated":true}]}}